{"id":2281,"date":"2025-10-08T17:12:35","date_gmt":"2025-10-08T17:12:35","guid":{"rendered":"https:\/\/uddae.uea.edu.br\/?p=2281"},"modified":"2025-10-08T17:12:35","modified_gmt":"2025-10-08T17:12:35","slug":"alunos-da-esa-uea-vivenciam-experiencia-sensorial-e-artistica-em-aula-de-fotografia-no-museu-da-amazonia","status":"publish","type":"post","link":"https:\/\/uddae.uea.edu.br\/index.php\/2025\/10\/08\/alunos-da-esa-uea-vivenciam-experiencia-sensorial-e-artistica-em-aula-de-fotografia-no-museu-da-amazonia\/","title":{"rendered":"Alunos da ESA\/UEA vivenciam experi\u00eancia sensorial e art\u00edstica em aula de fotografia no Museu da Amaz\u00f4nia"},"content":{"rendered":"\n<p>A disciplina Fotografia Digital B\u00e1sica, ofertada pela Escola Superior de Ci\u00eancias da Sa\u00fade da Universidade do Estado do Amazonas (ESA\/UEA), promoveu, no s\u00e1bado (4\/10), uma viv\u00eancia interdisciplinar no Museu da Amaz\u00f4nia (Musa). A atividade reuniu 22 alunos dos cursos de Medicina, Odontologia e Enfermagem em uma sa\u00edda fotogr\u00e1fica voltada \u00e0 observa\u00e7\u00e3o, \u00e0 escuta e \u00e0 express\u00e3o por meio da imagem.<\/p>\n\n\n\n<p>Com apoio da Unidade de Desenvolvimento Docente e Apoio ao Ensino (Uddae\/UEA), a a\u00e7\u00e3o teve como objetivo despertar nos estudantes o olhar sens\u00edvel e reflexivo sobre o ambiente, estimulando a empatia e o autoconhecimento como dimens\u00f5es essenciais da forma\u00e7\u00e3o em sa\u00fade.<\/p>\n\n\n\n<p>Antes de iniciar o percurso, alunos participaram de um momento de medita\u00e7\u00e3o guiada, conduzido pela professora da disciplina, Prof.\u00aa Dra. Vilma Melo, como forma de promover concentra\u00e7\u00e3o e conex\u00e3o com a floresta. A partir desse preparo, a turma explorou os espa\u00e7os do Musa, registrando imagens que traduzissem sensa\u00e7\u00f5es, cores e formas da natureza amaz\u00f4nica.<\/p>\n\n\n\n<p>\u201cA escolha do Musa deu-se por ser um local de natureza exuberante, amaz\u00f4nica, perfeito para contempla\u00e7\u00e3o, exerc\u00edcio das t\u00e9cnicas fotogr\u00e1ficas aprendidas e de acordo com o tema da nossa exposi\u00e7\u00e3o, que ser\u00e1 Fotografia Contemplativa. Nesse contexto, a fotografia explora a quest\u00e3o da aten\u00e7\u00e3o, empatia, observa\u00e7\u00e3o, escuta e presen\u00e7a\u201d, destacou a professora.<\/p>\n\n\n\n<p>Muitos alunos visitaram o museu pela primeira vez, tornando a experi\u00eancia ainda mais significativa. A proposta da disciplina vai al\u00e9m da t\u00e9cnica: busca desenvolver a humaniza\u00e7\u00e3o na pr\u00e1tica em sa\u00fade, valorizando o sentir, o escutar e o observar como formas de cuidado.<\/p>\n\n\n\n<p>\u201cAchei incr\u00edvel porque tivemos a oportunidade de sair do ambiente da sala de aula e explorar um lugar t\u00e3o bonito como o Musa. Foi uma viv\u00eancia de muito aprendizado e, tamb\u00e9m, de contato com espa\u00e7os que muitos de n\u00f3s nunca t\u00ednhamos conhecido. Essa experi\u00eancia valeu muito a pena para o nosso crescimento pessoal e acad\u00eamico\u201d, relatou a estudante Helen Amazonas.<\/p>\n\n\n\n<p>Para Beatriz Martins, o momento foi um convite para desacelerar e reconectar-se com o essencial. \u201cFazia muito tempo que eu n\u00e3o parava para contemplar e admirar algo t\u00e3o pr\u00f3ximo de n\u00f3s, que \u00e9 a natureza. Esse passeio promoveu exatamente isso: o momento de desacelerar, sentir o vento no rosto, se encantar com uma flor ou uma borboleta, aproveitar um dia de sol. Foi uma experi\u00eancia muito enriquecedora, especialmente diante da rotina puxada que vivemos.\u201d<\/p>\n\n\n\n<p>As fotografias produzidas durante a visita ser\u00e3o apresentadas na exposi\u00e7\u00e3o \u201cFotografia Contemplativa\u201d, prevista para o dia 11 de novembro, durante o Sarau Cultural da ESA, com apoio da Uddae.<\/p>\n\n\n\n<figure class=\"wp-block-gallery has-nested-images columns-default is-cropped wp-block-gallery-1 is-layout-flex wp-block-gallery-is-layout-flex\">\n<figure class=\"wp-block-image size-large\"><img fetchpriority=\"high\" decoding=\"async\" width=\"768\" height=\"1024\" data-id=\"2286\" src=\"https:\/\/uddae.uea.edu.br\/wp-content\/uploads\/2025\/10\/WhatsApp-Image-2025-10-08-at-12.20.31-1-768x1024.jpeg\" alt=\"\" class=\"wp-image-2286\" srcset=\"https:\/\/uddae.uea.edu.br\/wp-content\/uploads\/2025\/10\/WhatsApp-Image-2025-10-08-at-12.20.31-1-768x1024.jpeg 768w, https:\/\/uddae.uea.edu.br\/wp-content\/uploads\/2025\/10\/WhatsApp-Image-2025-10-08-at-12.20.31-1-225x300.jpeg 225w, https:\/\/uddae.uea.edu.br\/wp-content\/uploads\/2025\/10\/WhatsApp-Image-2025-10-08-at-12.20.31-1-600x800.jpeg 600w, https:\/\/uddae.uea.edu.br\/wp-content\/uploads\/2025\/10\/WhatsApp-Image-2025-10-08-at-12.20.31-1.jpeg 960w\" sizes=\"(max-width: 768px) 100vw, 768px\" \/><\/figure>\n\n\n\n<figure class=\"wp-block-image size-large\"><img decoding=\"async\" width=\"768\" height=\"1024\" data-id=\"2288\" src=\"https:\/\/uddae.uea.edu.br\/wp-content\/uploads\/2025\/10\/WhatsApp-Image-2025-10-08-at-12.20.30-2-1-768x1024.jpeg\" alt=\"\" class=\"wp-image-2288\" srcset=\"https:\/\/uddae.uea.edu.br\/wp-content\/uploads\/2025\/10\/WhatsApp-Image-2025-10-08-at-12.20.30-2-1-768x1024.jpeg 768w, https:\/\/uddae.uea.edu.br\/wp-content\/uploads\/2025\/10\/WhatsApp-Image-2025-10-08-at-12.20.30-2-1-225x300.jpeg 225w, https:\/\/uddae.uea.edu.br\/wp-content\/uploads\/2025\/10\/WhatsApp-Image-2025-10-08-at-12.20.30-2-1-600x800.jpeg 600w, https:\/\/uddae.uea.edu.br\/wp-content\/uploads\/2025\/10\/WhatsApp-Image-2025-10-08-at-12.20.30-2-1.jpeg 960w\" sizes=\"(max-width: 768px) 100vw, 768px\" \/><\/figure>\n\n\n\n<figure class=\"wp-block-image size-large\"><img decoding=\"async\" width=\"768\" height=\"1024\" data-id=\"2287\" src=\"https:\/\/uddae.uea.edu.br\/wp-content\/uploads\/2025\/10\/WhatsApp-Image-2025-10-08-at-12.20.30-1-1-768x1024.jpeg\" alt=\"\" class=\"wp-image-2287\" srcset=\"https:\/\/uddae.uea.edu.br\/wp-content\/uploads\/2025\/10\/WhatsApp-Image-2025-10-08-at-12.20.30-1-1-768x1024.jpeg 768w, https:\/\/uddae.uea.edu.br\/wp-content\/uploads\/2025\/10\/WhatsApp-Image-2025-10-08-at-12.20.30-1-1-225x300.jpeg 225w, https:\/\/uddae.uea.edu.br\/wp-content\/uploads\/2025\/10\/WhatsApp-Image-2025-10-08-at-12.20.30-1-1-600x800.jpeg 600w, https:\/\/uddae.uea.edu.br\/wp-content\/uploads\/2025\/10\/WhatsApp-Image-2025-10-08-at-12.20.30-1-1.jpeg 960w\" sizes=\"(max-width: 768px) 100vw, 768px\" \/><\/figure>\n<\/figure>\n","protected":false},"excerpt":{"rendered":"<p>A disciplina Fotografia Digital B\u00e1sica, ofertada pela Escola Superior de Ci\u00eancias da Sa\u00fade da Universidade do Estado do Amazonas (ESA\/UEA), promoveu, no s\u00e1bado (4\/10), uma viv\u00eancia interdisciplinar no Museu da Amaz\u00f4nia (Musa). A atividade reuniu 22 alunos dos cursos de Medicina, Odontologia e Enfermagem em uma sa\u00edda fotogr\u00e1fica voltada \u00e0 observa\u00e7\u00e3o, \u00e0 escuta e \u00e0 [&hellip;]<\/p>\n","protected":false},"author":1,"featured_media":2285,"comment_status":"closed","ping_status":"open","sticky":false,"template":"","format":"standard","meta":{"footnotes":""},"categories":[1],"tags":[],"class_list":["post-2281","post","type-post","status-publish","format-standard","has-post-thumbnail","hentry","category-uncategorized"],"_links":{"self":[{"href":"https:\/\/uddae.uea.edu.br\/index.php\/wp-json\/wp\/v2\/posts\/2281","targetHints":{"allow":["GET"]}}],"collection":[{"href":"https:\/\/uddae.uea.edu.br\/index.php\/wp-json\/wp\/v2\/posts"}],"about":[{"href":"https:\/\/uddae.uea.edu.br\/index.php\/wp-json\/wp\/v2\/types\/post"}],"author":[{"embeddable":true,"href":"https:\/\/uddae.uea.edu.br\/index.php\/wp-json\/wp\/v2\/users\/1"}],"replies":[{"embeddable":true,"href":"https:\/\/uddae.uea.edu.br\/index.php\/wp-json\/wp\/v2\/comments?post=2281"}],"version-history":[{"count":1,"href":"https:\/\/uddae.uea.edu.br\/index.php\/wp-json\/wp\/v2\/posts\/2281\/revisions"}],"predecessor-version":[{"id":2289,"href":"https:\/\/uddae.uea.edu.br\/index.php\/wp-json\/wp\/v2\/posts\/2281\/revisions\/2289"}],"wp:featuredmedia":[{"embeddable":true,"href":"https:\/\/uddae.uea.edu.br\/index.php\/wp-json\/wp\/v2\/media\/2285"}],"wp:attachment":[{"href":"https:\/\/uddae.uea.edu.br\/index.php\/wp-json\/wp\/v2\/media?parent=2281"}],"wp:term":[{"taxonomy":"category","embeddable":true,"href":"https:\/\/uddae.uea.edu.br\/index.php\/wp-json\/wp\/v2\/categories?post=2281"},{"taxonomy":"post_tag","embeddable":true,"href":"https:\/\/uddae.uea.edu.br\/index.php\/wp-json\/wp\/v2\/tags?post=2281"}],"curies":[{"name":"wp","href":"https:\/\/api.w.org\/{rel}","templated":true}]}}