{"id":2262,"date":"2025-09-29T18:57:00","date_gmt":"2025-09-29T18:57:00","guid":{"rendered":"https:\/\/uddae.uea.edu.br\/?p=2262"},"modified":"2025-09-29T18:57:01","modified_gmt":"2025-09-29T18:57:01","slug":"uea-homenageia-profissionais-e-instituicoes-de-saude-com-o-premio-excelencia-telessaude","status":"publish","type":"post","link":"https:\/\/uddae.uea.edu.br\/index.php\/2025\/09\/29\/uea-homenageia-profissionais-e-instituicoes-de-saude-com-o-premio-excelencia-telessaude\/","title":{"rendered":"UEA homenageia profissionais e institui\u00e7\u00f5es de sa\u00fade com o Pr\u00eamio Excel\u00eancia Telessa\u00fade"},"content":{"rendered":"\n<p>A premia\u00e7\u00e3o foi distribu\u00edda em sete categorias<\/p>\n\n\n\n<p>Em uma iniciativa in\u00e9dita de reconhecimento e valoriza\u00e7\u00e3o do compromisso de quem estar na linha de frente da sa\u00fade e bem-estar dos povos da Amaz\u00f4nia, a Universidade do Estado do Amazonas (UEA) realizou, nesta sexta-feira (26\/9), a entrega do Pr\u00eamio Excel\u00eancia Telessa\u00fade. A iniciativa reconhece o trabalho desenvolvido por profissionais que levam assist\u00eancia \u00e0 sa\u00fade para popula\u00e7\u00e3o no Amazonas, em especial ao interior do estado, com destaque ao trabalho volunt\u00e1rio.<\/p>\n\n\n\n<p>A premia\u00e7\u00e3o, realizada na Reitoria da universidade, foi distribu\u00edda nas seguintes categorias: Top 10 Teleconsultores UEA; Homenagem Teleodontologia; Homenagem Telenfermagem; Munic\u00edpio Destaque; Institui\u00e7\u00e3o Colaboradora; M\u00e9rito e Excel\u00eancia e Reconhecimento P\u00fablico. Os agraciados receberam trof\u00e9us e certificados.<\/p>\n\n\n\n<p>Durante a cerim\u00f4nia, o reitor da UEA, Prof. Dr. Andr\u00e9 Zogahib, destacou o trabalho desenvolvido por cada pessoa no fortalecimento das atividades da Unidade de Desenvolvimento Docente e Apoio ao Ensino da Universidade do Estado do Amazonas (Uddae) e da telessa\u00fade.<\/p>\n\n\n\n<p>\u201cO maior pr\u00eamio \u00e9 saber que a popula\u00e7\u00e3o do interior tem uma consulta de qualidade com m\u00e9dico, enfermeiro e dentista. Hoje, com a Uddae estamos conseguindo transformar o que foi plantado h\u00e1 alguns anos. N\u00f3s estamos n\u00e3o apenas colhendo os frutos, mas, tamb\u00e9m, plantando novas sementes para que possamos colher outros frutos dentro desse processo\u201d, disse o reitor da UEA.<\/p>\n\n\n\n<p>Para a Prof.\u00aa Dra. K\u00e1tia Couceiro o momento \u00e9 de alegria e de agradecimento pelo trabalho desenvolvido pelos profissionais envolvidos. \u201cAgradecer \u00e9 um gesto nobre, por algo que \u00e9 feito para a popula\u00e7\u00e3o e, ao mesmo tempo, para os nossos docentes. Quero agradecer aos teleconsultores volunt\u00e1rios, que est\u00e3o dispon\u00edveis, em qualquer hora, um pouco de cada um faz muita diferen\u00e7a, para a Uddae e para as teleconsultas, principalmente quando se estende para o interior que \u00e9 nosso objetivo maior\u201d, acrescentou.<\/p>\n\n\n\n<p>Segundo a coordenadora-geral da Uddae, Prof.\u00aa Dra. Adriana Taveira, a telessa\u00fade tem alcan\u00e7ado n\u00fameros importantes, com quase 1 milh\u00e3o de acessos e alcance de 180 mil na teleeduca\u00e7\u00e3o. \u201cTemos avan\u00e7ado para levar acesso \u00e0 sa\u00fade, por meio da tecnologia. O dia de hoje \u00e9 uma forma singela de agradecer a cada um dos teleconsultores, que s\u00e3o volunt\u00e1rios, al\u00e9m da nossa equipe, que ajudam os motores da Uddae e da telessa\u00fade andarem\u201d, acrescentou.<\/p>\n\n\n\n<p>Para a coordenadora Pedag\u00f3gica da Uddae, Prof.\u00aa Dra. C\u00e1ssia Souza, a premia\u00e7\u00e3o \u00e9 um agradecimento a todos os profissionais envolvidos no trabalho.<\/p>\n\n\n\n<p>\u201cRecentemente, fizemos tr\u00eas anos de Uddae. Sem voc\u00eas profissionais da ponta, do nosso interior, \u00e1rea ribeirinha, quilombola, ind\u00edgena, teleconsultores, gestores n\u00e3o seria poss\u00edvel\u201d, comentou.<\/p>\n\n\n\n<p>Premia\u00e7\u00e3o<\/p>\n\n\n\n<p>TOP 10 Teleconsultores UEA<\/p>\n\n\n\n<ul class=\"wp-block-list\">\n<li>Jeanne Viana de Oliveira (Pediatria, Sa\u00fade Mental e Transtorno do Desenvolvimento Neuropsicomotor)<\/li>\n\n\n\n<li>Aldrey Nascimento Costa (Cardiologia)<\/li>\n\n\n\n<li>\u00cdtalo Valle Cortez (Urologia)<\/li>\n\n\n\n<li>Ronan Campos Granjeiro (Ortopedia)<\/li>\n\n\n\n<li>Marcus Vin\u00edcius Della Coletta (Neurologia)<\/li>\n\n\n\n<li>Domingos S\u00e1vio Nunes de Lima (Reumatologia)<\/li>\n\n\n\n<li>Juliana da Costa Matos (Nefrologia)<\/li>\n\n\n\n<li>Adriana T\u00e1vora de Albuquerque Taveira (Pediatria\/ Gastro e Hepatologia Pedi\u00e1trica)<\/li>\n\n\n\n<li>Alinne Lais Bessa Maia Cavalcanti (Gastroenterologia)<\/li>\n<\/ul>\n\n\n\n<p>Na ocasi\u00e3o, tamb\u00e9m foi feito o reconhecimento p\u00fablico dos teleconsultores aos professores Neivaldo Jos\u00e9 Nazar\u00e9 dos Santos (Cirurgia Vascular) e Mar\u00edlia Rosa Abtibol Bernardino (Neurologia Pedi\u00e1trica).<\/p>\n\n\n\n<p>Homenagem in Memorian<\/p>\n\n\n\n<p>Durante a cerim\u00f4nia, foi realizada homenagem (in memorian) ao professor e m\u00e9dico otorrinolaringologista \u00c1lvaro Siqueira, profissional de reconhecida excel\u00eancia, pela sua trajet\u00f3ria na medicina e na doc\u00eancia marcada pela compet\u00eancia, pela \u00e9tica e pela dedica\u00e7\u00e3o incans\u00e1vel ao cuidado com a sa\u00fade e \u00e0 forma\u00e7\u00e3o acad\u00eamica. A homenagem foi entregue ao seu irm\u00e3o, Alvacir Siqueira.<\/p>\n\n\n\n<p>Homenagem Teleodontologia<\/p>\n\n\n\n<ul class=\"wp-block-list\">\n<li>Prof. Dr. Lioney Nobre Cabral- atividades de teleeduca\u00e7\u00e3o e teleconsultoria em Odontologia.<\/li>\n<\/ul>\n\n\n\n<p>Homenagem Telenfermagem<\/p>\n\n\n\n<ul class=\"wp-block-list\">\n<li>Prof.\u00aa Ma. Eliana Marques Gomes da Silva- Teleestomato<\/li>\n<\/ul>\n\n\n\n<p>Munic\u00edpios Destaques<\/p>\n\n\n\n<ul class=\"wp-block-list\">\n<li>Benjamin Constant<\/li>\n\n\n\n<li>Coari<\/li>\n\n\n\n<li>Fonte Boa<\/li>\n\n\n\n<li>Tef\u00e9<\/li>\n\n\n\n<li>Tabatinga<\/li>\n<\/ul>\n\n\n\n<p>Institui\u00e7\u00f5es Parceiras<\/p>\n\n\n\n<ul class=\"wp-block-list\">\n<li>Secretaria de Estado de Sa\u00fade do Amazonas (SES)<\/li>\n\n\n\n<li>Funda\u00e7\u00e3o de Vigil\u00e2ncia em Sa\u00fade do Amazonas \u2013 Dra. Rosemary Costa Pinto (FVS-RCP)<\/li>\n\n\n\n<li>Instituto Nacional de Pesquisas da Amaz\u00f4nia (Inpa)<\/li>\n\n\n\n<li>Funda\u00e7\u00e3o Hospitalar de Hematologia e Hemoterapia do Amazonas (Hemoam)<\/li>\n\n\n\n<li>Funda\u00e7\u00e3o Universidade Aberta da Terceira Idade (FUnATI)<\/li>\n\n\n\n<li>Secretaria Municipal de Sa\u00fade de Manaus (Semsa)<\/li>\n\n\n\n<li>C\u00e2mara de Resolu\u00e7\u00e3o Extrajudicial de Lit\u00edgios de Sa\u00fade (Crels)<\/li>\n\n\n\n<li>Sociedade Amazonense de Pediatria (Saped)<\/li>\n\n\n\n<li>Associa\u00e7\u00e3o da Pessoa Al\u00e9rgica Alimentar do Amazonas (Apaam)<\/li>\n\n\n\n<li>Ag\u00eancia Nacional De Vigil\u00e2ncia Sanit\u00e1ria (Anvisa)<\/li>\n<\/ul>\n\n\n\n<p>Institui\u00e7\u00e3o Colaboradora<\/p>\n\n\n\n<ul class=\"wp-block-list\">\n<li>Empresa Vat Tecnologia da Informa\u00e7\u00e3o<\/li>\n<\/ul>\n\n\n\n<p>M\u00e9rito e Excel\u00eancia<\/p>\n\n\n\n<ul class=\"wp-block-list\">\n<li>Evelyn de Azevedo<\/li>\n\n\n\n<li>Levy Santos<\/li>\n\n\n\n<li>Fab\u00edola Marrocos de Oliveira Paiva<\/li>\n\n\n\n<li>Felipe de Oliveira Lobo<\/li>\n\n\n\n<li>Jos\u00e9 Assef da Silva<\/li>\n<\/ul>\n\n\n\n<p>Reconhecimento P\u00fablico<\/p>\n\n\n\n<ul class=\"wp-block-list\">\n<li>Reitor da UEA-Prof. Dr. Andr\u00e9 Luiz Nunes Zogahib<\/li>\n\n\n\n<li>Vice-reitora da UEA- Prof.\u00aa Dra. K\u00e1tia Do Nascimento Couceiro<\/li>\n\n\n\n<li>Diretor-executivo da Ag\u00eancia de Inova\u00e7\u00e3o Tecnol\u00f3gica (Agin)- Prof. Dr. Ant\u00f4nio de Lima Mesquita<\/li>\n\n\n\n<li>Pr\u00f3-Reitor de Interioriza\u00e7\u00e3o- Prof. Dr. Valber Barbosa Martins<\/li>\n\n\n\n<li>Pr\u00f3-Reitor de Administra\u00e7\u00e3o- Prof. Dr. Nilson Jos\u00e9 De Oliveira Junior<\/li>\n\n\n\n<li>Diretor da Escola Superior de Ci\u00eancias da Sa\u00fade (ESA)- Prof. Me. Ant\u00f4nio Eduardo Martinez Palhares<\/li>\n\n\n\n<li>Coordenador de Qualidade de Ensino da ESA-Prof. Dr. Manoel Luiz Neto<\/li>\n\n\n\n<li>Procurador-chefe da PJ UEA- Dr. Aly Nasser Abrahim Ballut<\/li>\n\n\n\n<li>Representando a Pr\u00f3-Reitoria de P\u00f3s-gradua\u00e7\u00e3o- Prof. Dr. Carlos Renato Ros\u00e1rio<\/li>\n<\/ul>\n\n\n\n<figure class=\"wp-block-gallery has-nested-images columns-default is-cropped wp-block-gallery-1 is-layout-flex wp-block-gallery-is-layout-flex\">\n<figure class=\"wp-block-image size-large\"><img fetchpriority=\"high\" decoding=\"async\" width=\"1024\" height=\"682\" data-id=\"2266\" src=\"https:\/\/uddae.uea.edu.br\/wp-content\/uploads\/2025\/09\/WhatsApp-Image-2025-09-29-at-10.07.39-2-1024x682.jpeg\" alt=\"\" class=\"wp-image-2266\" srcset=\"https:\/\/uddae.uea.edu.br\/wp-content\/uploads\/2025\/09\/WhatsApp-Image-2025-09-29-at-10.07.39-2-1024x682.jpeg 1024w, https:\/\/uddae.uea.edu.br\/wp-content\/uploads\/2025\/09\/WhatsApp-Image-2025-09-29-at-10.07.39-2-300x200.jpeg 300w, https:\/\/uddae.uea.edu.br\/wp-content\/uploads\/2025\/09\/WhatsApp-Image-2025-09-29-at-10.07.39-2-768x512.jpeg 768w, https:\/\/uddae.uea.edu.br\/wp-content\/uploads\/2025\/09\/WhatsApp-Image-2025-09-29-at-10.07.39-2-1536x1024.jpeg 1536w, https:\/\/uddae.uea.edu.br\/wp-content\/uploads\/2025\/09\/WhatsApp-Image-2025-09-29-at-10.07.39-2-2048x1365.jpeg 2048w, https:\/\/uddae.uea.edu.br\/wp-content\/uploads\/2025\/09\/WhatsApp-Image-2025-09-29-at-10.07.39-2-600x400.jpeg 600w\" sizes=\"(max-width: 1024px) 100vw, 1024px\" \/><\/figure>\n\n\n\n<figure class=\"wp-block-image size-large\"><img decoding=\"async\" width=\"1024\" height=\"682\" data-id=\"2265\" src=\"https:\/\/uddae.uea.edu.br\/wp-content\/uploads\/2025\/09\/WhatsApp-Image-2025-09-29-at-10.07.39-1-1024x682.jpeg\" alt=\"\" class=\"wp-image-2265\" srcset=\"https:\/\/uddae.uea.edu.br\/wp-content\/uploads\/2025\/09\/WhatsApp-Image-2025-09-29-at-10.07.39-1-1024x682.jpeg 1024w, https:\/\/uddae.uea.edu.br\/wp-content\/uploads\/2025\/09\/WhatsApp-Image-2025-09-29-at-10.07.39-1-300x200.jpeg 300w, https:\/\/uddae.uea.edu.br\/wp-content\/uploads\/2025\/09\/WhatsApp-Image-2025-09-29-at-10.07.39-1-768x512.jpeg 768w, https:\/\/uddae.uea.edu.br\/wp-content\/uploads\/2025\/09\/WhatsApp-Image-2025-09-29-at-10.07.39-1-1536x1024.jpeg 1536w, https:\/\/uddae.uea.edu.br\/wp-content\/uploads\/2025\/09\/WhatsApp-Image-2025-09-29-at-10.07.39-1-2048x1365.jpeg 2048w, https:\/\/uddae.uea.edu.br\/wp-content\/uploads\/2025\/09\/WhatsApp-Image-2025-09-29-at-10.07.39-1-600x400.jpeg 600w\" sizes=\"(max-width: 1024px) 100vw, 1024px\" \/><\/figure>\n\n\n\n<figure class=\"wp-block-image size-large\"><img decoding=\"async\" width=\"1024\" height=\"682\" data-id=\"2264\" src=\"https:\/\/uddae.uea.edu.br\/wp-content\/uploads\/2025\/09\/WhatsApp-Image-2025-09-29-at-10.07.38-1-1024x682.jpeg\" alt=\"\" class=\"wp-image-2264\" srcset=\"https:\/\/uddae.uea.edu.br\/wp-content\/uploads\/2025\/09\/WhatsApp-Image-2025-09-29-at-10.07.38-1-1024x682.jpeg 1024w, https:\/\/uddae.uea.edu.br\/wp-content\/uploads\/2025\/09\/WhatsApp-Image-2025-09-29-at-10.07.38-1-300x200.jpeg 300w, https:\/\/uddae.uea.edu.br\/wp-content\/uploads\/2025\/09\/WhatsApp-Image-2025-09-29-at-10.07.38-1-768x512.jpeg 768w, https:\/\/uddae.uea.edu.br\/wp-content\/uploads\/2025\/09\/WhatsApp-Image-2025-09-29-at-10.07.38-1-1536x1024.jpeg 1536w, https:\/\/uddae.uea.edu.br\/wp-content\/uploads\/2025\/09\/WhatsApp-Image-2025-09-29-at-10.07.38-1-2048x1365.jpeg 2048w, https:\/\/uddae.uea.edu.br\/wp-content\/uploads\/2025\/09\/WhatsApp-Image-2025-09-29-at-10.07.38-1-600x400.jpeg 600w\" sizes=\"(max-width: 1024px) 100vw, 1024px\" \/><\/figure>\n\n\n\n<figure class=\"wp-block-image size-large\"><img loading=\"lazy\" decoding=\"async\" width=\"1024\" height=\"682\" data-id=\"2268\" src=\"https:\/\/uddae.uea.edu.br\/wp-content\/uploads\/2025\/09\/WhatsApp-Image-2025-09-29-at-10.07.38-1024x682.jpeg\" alt=\"\" class=\"wp-image-2268\" srcset=\"https:\/\/uddae.uea.edu.br\/wp-content\/uploads\/2025\/09\/WhatsApp-Image-2025-09-29-at-10.07.38-1024x682.jpeg 1024w, https:\/\/uddae.uea.edu.br\/wp-content\/uploads\/2025\/09\/WhatsApp-Image-2025-09-29-at-10.07.38-300x200.jpeg 300w, https:\/\/uddae.uea.edu.br\/wp-content\/uploads\/2025\/09\/WhatsApp-Image-2025-09-29-at-10.07.38-768x512.jpeg 768w, https:\/\/uddae.uea.edu.br\/wp-content\/uploads\/2025\/09\/WhatsApp-Image-2025-09-29-at-10.07.38-1536x1024.jpeg 1536w, https:\/\/uddae.uea.edu.br\/wp-content\/uploads\/2025\/09\/WhatsApp-Image-2025-09-29-at-10.07.38-2048x1365.jpeg 2048w, https:\/\/uddae.uea.edu.br\/wp-content\/uploads\/2025\/09\/WhatsApp-Image-2025-09-29-at-10.07.38-600x400.jpeg 600w\" sizes=\"(max-width: 1024px) 100vw, 1024px\" \/><\/figure>\n\n\n\n<figure class=\"wp-block-image size-large\"><img loading=\"lazy\" decoding=\"async\" width=\"1024\" height=\"682\" data-id=\"2267\" src=\"https:\/\/uddae.uea.edu.br\/wp-content\/uploads\/2025\/09\/WhatsApp-Image-2025-09-29-at-10.07.37-1024x682.jpeg\" alt=\"\" class=\"wp-image-2267\" srcset=\"https:\/\/uddae.uea.edu.br\/wp-content\/uploads\/2025\/09\/WhatsApp-Image-2025-09-29-at-10.07.37-1024x682.jpeg 1024w, https:\/\/uddae.uea.edu.br\/wp-content\/uploads\/2025\/09\/WhatsApp-Image-2025-09-29-at-10.07.37-300x200.jpeg 300w, https:\/\/uddae.uea.edu.br\/wp-content\/uploads\/2025\/09\/WhatsApp-Image-2025-09-29-at-10.07.37-768x512.jpeg 768w, https:\/\/uddae.uea.edu.br\/wp-content\/uploads\/2025\/09\/WhatsApp-Image-2025-09-29-at-10.07.37-1536x1024.jpeg 1536w, https:\/\/uddae.uea.edu.br\/wp-content\/uploads\/2025\/09\/WhatsApp-Image-2025-09-29-at-10.07.37-2048x1365.jpeg 2048w, https:\/\/uddae.uea.edu.br\/wp-content\/uploads\/2025\/09\/WhatsApp-Image-2025-09-29-at-10.07.37-600x400.jpeg 600w\" sizes=\"(max-width: 1024px) 100vw, 1024px\" \/><\/figure>\n<\/figure>\n","protected":false},"excerpt":{"rendered":"<p>A premia\u00e7\u00e3o foi distribu\u00edda em sete categorias Em uma iniciativa in\u00e9dita de reconhecimento e valoriza\u00e7\u00e3o do compromisso de quem estar na linha de frente da sa\u00fade e bem-estar dos povos da Amaz\u00f4nia, a Universidade do Estado do Amazonas (UEA) realizou, nesta sexta-feira (26\/9), a entrega do Pr\u00eamio Excel\u00eancia Telessa\u00fade. A iniciativa reconhece o trabalho desenvolvido [&hellip;]<\/p>\n","protected":false},"author":1,"featured_media":2263,"comment_status":"closed","ping_status":"open","sticky":false,"template":"","format":"standard","meta":{"footnotes":""},"categories":[1],"tags":[],"class_list":["post-2262","post","type-post","status-publish","format-standard","has-post-thumbnail","hentry","category-uncategorized"],"_links":{"self":[{"href":"https:\/\/uddae.uea.edu.br\/index.php\/wp-json\/wp\/v2\/posts\/2262","targetHints":{"allow":["GET"]}}],"collection":[{"href":"https:\/\/uddae.uea.edu.br\/index.php\/wp-json\/wp\/v2\/posts"}],"about":[{"href":"https:\/\/uddae.uea.edu.br\/index.php\/wp-json\/wp\/v2\/types\/post"}],"author":[{"embeddable":true,"href":"https:\/\/uddae.uea.edu.br\/index.php\/wp-json\/wp\/v2\/users\/1"}],"replies":[{"embeddable":true,"href":"https:\/\/uddae.uea.edu.br\/index.php\/wp-json\/wp\/v2\/comments?post=2262"}],"version-history":[{"count":1,"href":"https:\/\/uddae.uea.edu.br\/index.php\/wp-json\/wp\/v2\/posts\/2262\/revisions"}],"predecessor-version":[{"id":2269,"href":"https:\/\/uddae.uea.edu.br\/index.php\/wp-json\/wp\/v2\/posts\/2262\/revisions\/2269"}],"wp:featuredmedia":[{"embeddable":true,"href":"https:\/\/uddae.uea.edu.br\/index.php\/wp-json\/wp\/v2\/media\/2263"}],"wp:attachment":[{"href":"https:\/\/uddae.uea.edu.br\/index.php\/wp-json\/wp\/v2\/media?parent=2262"}],"wp:term":[{"taxonomy":"category","embeddable":true,"href":"https:\/\/uddae.uea.edu.br\/index.php\/wp-json\/wp\/v2\/categories?post=2262"},{"taxonomy":"post_tag","embeddable":true,"href":"https:\/\/uddae.uea.edu.br\/index.php\/wp-json\/wp\/v2\/tags?post=2262"}],"curies":[{"name":"wp","href":"https:\/\/api.w.org\/{rel}","templated":true}]}}