{"id":2257,"date":"2025-09-24T14:17:21","date_gmt":"2025-09-24T14:17:21","guid":{"rendered":"https:\/\/uddae.uea.edu.br\/?p=2257"},"modified":"2025-09-24T14:17:21","modified_gmt":"2025-09-24T14:17:21","slug":"uddae-uea-celebra-tres-anos-e-amplia-atuacao-com-inauguracao-de-novos-nucleos","status":"publish","type":"post","link":"https:\/\/uddae.uea.edu.br\/index.php\/2025\/09\/24\/uddae-uea-celebra-tres-anos-e-amplia-atuacao-com-inauguracao-de-novos-nucleos\/","title":{"rendered":"Uddae\/UEA celebra tr\u00eas anos e amplia atua\u00e7\u00e3o com inaugura\u00e7\u00e3o de novos n\u00facleos"},"content":{"rendered":"\n<p>A Unidade de Desenvolvimento Docente e Apoio ao Ensino da Universidade do Estado do Amazonas (Uddae\/UEA) celebrou, nesta segunda-feira (22\/9), tr\u00eas anos de funda\u00e7\u00e3o com a inaugura\u00e7\u00e3o de dois novos n\u00facleos estrat\u00e9gicos: a Aldeia da Transforma\u00e7\u00e3o Digital na Sa\u00fade e Inova\u00e7\u00e3o na Amaz\u00f4nia \u2013 Sa\u00fade, Tecnologia e Inova\u00e7\u00e3o \u2013 (Aldtec) e o Grupo de Pesquisa Sa\u00fade, Inova\u00e7\u00e3o e Tecnologia na Amaz\u00f4nia (Sita). A cerim\u00f4nia contou com a presen\u00e7a do reitor da UEA, Prof. Dr. Andr\u00e9 Zogahib, e refor\u00e7ou o papel da institui\u00e7\u00e3o como refer\u00eancia em inova\u00e7\u00e3o, ci\u00eancia e tecnologia aplicadas \u00e0 sa\u00fade na regi\u00e3o.<\/p>\n\n\n\n<p>\u201cCelebrar tr\u00eas anos da Uddae \u00e9 reconhecer o quanto a UEA tem se transformado em um espa\u00e7o de inova\u00e7\u00e3o, tecnologia e cuidado com as pessoas. Quando olhamos para os projetos desenvolvidos aqui, vemos que n\u00e3o se trata apenas de pesquisa ou de forma\u00e7\u00e3o, mas de algo muito maior: estamos contribuindo diretamente para a vida e para o futuro de milhares de amazonenses\u201d, disse o reitor Zogahib.<\/p>\n\n\n\n<p>O reitor refor\u00e7a que a Uddae mostra que a universidade vai al\u00e9m dos muros da sala de aula. \u201c\u00c9 uma iniciativa que alcan\u00e7a professores, discentes, t\u00e9cnicos administrativos, mas tamb\u00e9m chega \u00e0 comunidade por meio de a\u00e7\u00f5es como a Telessa\u00fade, que j\u00e1 impacta pessoas em regi\u00f5es de dif\u00edcil acesso. Isso significa expandir o bem, gerar oportunidades e construir redes de assist\u00eancia e conhecimento que retornam em forma de desenvolvimento para toda a sociedade\u201d, finalizou, ao lado da vice-reitora, Prof.\u00aa Dra. K\u00e1tia Couceiro.<\/p>\n\n\n\n<p>Durante a cerim\u00f4nia, a coordenadora da Uddae, Prof.\u00aa Dra. Adriana Taveira, destacou o simbolismo da data e o papel transformador da unidade nesses tr\u00eas anos de trajet\u00f3ria. \u201cA proposta do AldTec \u00e9 construir, de forma colaborativa, novas maneiras de prestar atendimento, utilizando inova\u00e7\u00e3o e tecnologia como aliadas para enfrentar os desafios espec\u00edficos da Amaz\u00f4nia. Ao celebrar tr\u00eas anos da Uddae, agrade\u00e7o a todos os professores, colaboradores e alunos que nos ajudam diariamente a transformar essa miss\u00e3o em realidade\u201d, afirmou.<\/p>\n\n\n\n<figure class=\"wp-block-gallery has-nested-images columns-default is-cropped wp-block-gallery-1 is-layout-flex wp-block-gallery-is-layout-flex\">\n<figure class=\"wp-block-image size-large\"><img fetchpriority=\"high\" decoding=\"async\" width=\"1024\" height=\"768\" data-id=\"2258\" src=\"https:\/\/uddae.uea.edu.br\/wp-content\/uploads\/2025\/09\/WhatsApp-Image-2025-09-23-at-09.21.29-1024x768.jpeg\" alt=\"\" class=\"wp-image-2258\" srcset=\"https:\/\/uddae.uea.edu.br\/wp-content\/uploads\/2025\/09\/WhatsApp-Image-2025-09-23-at-09.21.29-1024x768.jpeg 1024w, https:\/\/uddae.uea.edu.br\/wp-content\/uploads\/2025\/09\/WhatsApp-Image-2025-09-23-at-09.21.29-300x225.jpeg 300w, https:\/\/uddae.uea.edu.br\/wp-content\/uploads\/2025\/09\/WhatsApp-Image-2025-09-23-at-09.21.29-768x576.jpeg 768w, https:\/\/uddae.uea.edu.br\/wp-content\/uploads\/2025\/09\/WhatsApp-Image-2025-09-23-at-09.21.29-600x450.jpeg 600w, https:\/\/uddae.uea.edu.br\/wp-content\/uploads\/2025\/09\/WhatsApp-Image-2025-09-23-at-09.21.29.jpeg 1280w\" sizes=\"(max-width: 1024px) 100vw, 1024px\" \/><\/figure>\n<\/figure>\n\n\n\n<p>Al\u00e9m da Aldtec, foi oficializado o Grupo de Pesquisa Sa\u00fade, Inova\u00e7\u00e3o e Tecnologia na Amaz\u00f4nia (Sita), cadastrado no diret\u00f3rio do CNPq em abril deste ano. O n\u00facleo nasce com o objetivo de desenvolver linhas de pesquisa e projetos alinhados \u00e0 atua\u00e7\u00e3o da Uddae, ampliando o alcance cient\u00edfico da institui\u00e7\u00e3o. Coordenado pela Prof.\u00aa Dra. C\u00e1ssia Souza, o Sita j\u00e1 surge com uma identidade clara: \u201cO grupo vem com a proposta de pesquisar para a Amaz\u00f4nia, na Amaz\u00f4nia e com a Amaz\u00f4nia, fortalecendo a produ\u00e7\u00e3o cient\u00edfica que envolve o interior do estado e que contribuir\u00e1 diretamente para a melhoria da vida da nossa popula\u00e7\u00e3o\u201d, ressaltou.<\/p>\n\n\n\n<p><strong>Tr\u00eas anos de a\u00e7\u00f5es consolidadas<\/strong><br>Ao longo de tr\u00eas anos, a Uddae consolidou um conjunto de a\u00e7\u00f5es estruturantes que fortalecem o papel da UEA na forma\u00e7\u00e3o docente, na pesquisa aplicada e na inova\u00e7\u00e3o tecnol\u00f3gica. Entre os destaques, est\u00e3o os avan\u00e7os na Telessa\u00fade, que ampliou a cobertura de atendimentos especializados em munic\u00edpios de dif\u00edcil acesso; a inser\u00e7\u00e3o na Rede Universit\u00e1ria de Telemedicina (Rute), que possibilita a integra\u00e7\u00e3o em projetos de alcance nacional; a participa\u00e7\u00e3o na UNA-SUS, que possibilita a oferta de cursos gratuitos; e o desenvolvimento de solu\u00e7\u00f5es digitais voltadas \u00e0 sa\u00fade e \u00e0 educa\u00e7\u00e3o. Essas iniciativas refor\u00e7am a capacidade da unidade em articular ensino, pesquisa e extens\u00e3o de forma integrada, com resultados concretos para a comunidade acad\u00eamica e para a sociedade.<\/p>\n\n\n\n<p><a href=\"https:\/\/www.facebook.com\/sharer\/sharer.php?u=http%3A%2F%2Fwww.uea.edu.br%2Findex.php%2F2025%2F09%2F23%2Fuddae-uea-celebra-tres-anos-e-amplia-atuacao-com-inauguracao-de-novos-nucleos%2F\"><\/a><a href=\"https:\/\/twitter.com\/intent\/tweet?url=http%3A%2F%2Fwww.uea.edu.br%2Findex.php%2F2025%2F09%2F23%2Fuddae-uea-celebra-tres-anos-e-amplia-atuacao-com-inauguracao-de-novos-nucleos%2F&amp;text=Uddae%2FUEA%20celebra%20tr%C3%AAs%20anos%20e%20amplia%20atua%C3%A7%C3%A3o%20com%20inaugura%C3%A7%C3%A3o%20de%20novos%20n%C3%BAcleos\"><\/a><a href=\"whatsapp:\/\/send?text=http%3A%2F%2Fwww.uea.edu.br%2Findex.php%2F2025%2F09%2F23%2Fuddae-uea-celebra-tres-anos-e-amplia-atuacao-com-inauguracao-de-novos-nucleos%2F\"><\/a><a href=\"mailto:?subject=Uddae%2FUEA%20celebra%20tr%C3%AAs%20anos%20e%20amplia%20atua%C3%A7%C3%A3o%20com%20inaugura%C3%A7%C3%A3o%20de%20novos%20n%C3%BAcleos&amp;body=http%3A%2F%2Fwww.uea.edu.br%2Findex.php%2F2025%2F09%2F23%2Fuddae-uea-celebra-tres-anos-e-amplia-atuacao-com-inauguracao-de-novos-nucleos%2F\"><\/a><\/p>\n","protected":false},"excerpt":{"rendered":"<p>A Unidade de Desenvolvimento Docente e Apoio ao Ensino da Universidade do Estado do Amazonas (Uddae\/UEA) celebrou, nesta segunda-feira (22\/9), tr\u00eas anos de funda\u00e7\u00e3o com a inaugura\u00e7\u00e3o de dois novos n\u00facleos estrat\u00e9gicos: a Aldeia da Transforma\u00e7\u00e3o Digital na Sa\u00fade e Inova\u00e7\u00e3o na Amaz\u00f4nia \u2013 Sa\u00fade, Tecnologia e Inova\u00e7\u00e3o \u2013 (Aldtec) e o Grupo de Pesquisa [&hellip;]<\/p>\n","protected":false},"author":1,"featured_media":2259,"comment_status":"closed","ping_status":"open","sticky":false,"template":"","format":"standard","meta":{"footnotes":""},"categories":[1],"tags":[],"class_list":["post-2257","post","type-post","status-publish","format-standard","has-post-thumbnail","hentry","category-uncategorized"],"_links":{"self":[{"href":"https:\/\/uddae.uea.edu.br\/index.php\/wp-json\/wp\/v2\/posts\/2257","targetHints":{"allow":["GET"]}}],"collection":[{"href":"https:\/\/uddae.uea.edu.br\/index.php\/wp-json\/wp\/v2\/posts"}],"about":[{"href":"https:\/\/uddae.uea.edu.br\/index.php\/wp-json\/wp\/v2\/types\/post"}],"author":[{"embeddable":true,"href":"https:\/\/uddae.uea.edu.br\/index.php\/wp-json\/wp\/v2\/users\/1"}],"replies":[{"embeddable":true,"href":"https:\/\/uddae.uea.edu.br\/index.php\/wp-json\/wp\/v2\/comments?post=2257"}],"version-history":[{"count":1,"href":"https:\/\/uddae.uea.edu.br\/index.php\/wp-json\/wp\/v2\/posts\/2257\/revisions"}],"predecessor-version":[{"id":2260,"href":"https:\/\/uddae.uea.edu.br\/index.php\/wp-json\/wp\/v2\/posts\/2257\/revisions\/2260"}],"wp:featuredmedia":[{"embeddable":true,"href":"https:\/\/uddae.uea.edu.br\/index.php\/wp-json\/wp\/v2\/media\/2259"}],"wp:attachment":[{"href":"https:\/\/uddae.uea.edu.br\/index.php\/wp-json\/wp\/v2\/media?parent=2257"}],"wp:term":[{"taxonomy":"category","embeddable":true,"href":"https:\/\/uddae.uea.edu.br\/index.php\/wp-json\/wp\/v2\/categories?post=2257"},{"taxonomy":"post_tag","embeddable":true,"href":"https:\/\/uddae.uea.edu.br\/index.php\/wp-json\/wp\/v2\/tags?post=2257"}],"curies":[{"name":"wp","href":"https:\/\/api.w.org\/{rel}","templated":true}]}}