{"id":2242,"date":"2025-09-11T13:52:50","date_gmt":"2025-09-11T13:52:50","guid":{"rendered":"https:\/\/uddae.uea.edu.br\/?p=2242"},"modified":"2025-09-11T13:52:50","modified_gmt":"2025-09-11T13:52:50","slug":"aldtec-novo-braco-tecnologico-da-uddae-uea-impulsiona-transformacao-digital-na-saude-da-amazonia","status":"publish","type":"post","link":"https:\/\/uddae.uea.edu.br\/index.php\/2025\/09\/11\/aldtec-novo-braco-tecnologico-da-uddae-uea-impulsiona-transformacao-digital-na-saude-da-amazonia\/","title":{"rendered":"AldTec: Novo bra\u00e7o tecnol\u00f3gico da Uddae\/UEA impulsiona transforma\u00e7\u00e3o digital na sa\u00fade da Amaz\u00f4nia"},"content":{"rendered":"\n<p>A Aldeia de Transforma\u00e7\u00e3o Digital na Sa\u00fade na Amaz\u00f4nia \u2013 Sa\u00fade, Tecnologia e Inova\u00e7\u00e3o (AldTec) \u00e9 o novo bra\u00e7o tecnol\u00f3gico da Unidade de Desenvolvimento Docente e Apoio ao Ensino da Universidade do Estado do Amazonas (Uddae\/UEA). A iniciativa, lan\u00e7ada nesta ter\u00e7a-feira (9\/9), no audit\u00f3rio da Escola Superior de Tecnologia (EST), surge com uma proposta voltada \u00e0 inova\u00e7\u00e3o em sa\u00fade, com foco na transforma\u00e7\u00e3o digital e no desenvolvimento de solu\u00e7\u00f5es que priorizem o impacto direto na qualidade da assist\u00eancia \u00e0 popula\u00e7\u00e3o.<\/p>\n\n\n\n<p>O AldTec tem como caracter\u00edstica central o protagonismo da sa\u00fade, destacando-se em meio a outros laborat\u00f3rios, centros e hubs de tecnologia. O objetivo \u00e9 receber projetos inovadores que busquem impactar positivamente os atendimentos, reduzindo \u00edndices de mortalidade, morbidade e doen\u00e7as, al\u00e9m de promover melhorias na aten\u00e7\u00e3o prim\u00e1ria, secund\u00e1ria, terci\u00e1ria e quatern\u00e1ria.<\/p>\n\n\n\n<p><\/p>\n\n\n\n<figure class=\"wp-block-image size-large\"><img fetchpriority=\"high\" decoding=\"async\" width=\"1024\" height=\"683\" src=\"https:\/\/uddae.uea.edu.br\/wp-content\/uploads\/2025\/09\/WhatsApp-Image-2025-09-11-at-09.49.43-1024x683.jpeg\" alt=\"\" class=\"wp-image-2244\" srcset=\"https:\/\/uddae.uea.edu.br\/wp-content\/uploads\/2025\/09\/WhatsApp-Image-2025-09-11-at-09.49.43-1024x683.jpeg 1024w, https:\/\/uddae.uea.edu.br\/wp-content\/uploads\/2025\/09\/WhatsApp-Image-2025-09-11-at-09.49.43-300x200.jpeg 300w, https:\/\/uddae.uea.edu.br\/wp-content\/uploads\/2025\/09\/WhatsApp-Image-2025-09-11-at-09.49.43-768x512.jpeg 768w, https:\/\/uddae.uea.edu.br\/wp-content\/uploads\/2025\/09\/WhatsApp-Image-2025-09-11-at-09.49.43-1536x1024.jpeg 1536w, https:\/\/uddae.uea.edu.br\/wp-content\/uploads\/2025\/09\/WhatsApp-Image-2025-09-11-at-09.49.43-2048x1366.jpeg 2048w, https:\/\/uddae.uea.edu.br\/wp-content\/uploads\/2025\/09\/WhatsApp-Image-2025-09-11-at-09.49.43-600x400.jpeg 600w\" sizes=\"(max-width: 1024px) 100vw, 1024px\" \/><\/figure>\n\n\n\n<p><\/p>\n\n\n\n<p>A proposta \u00e9 construir de forma colaborativa novas maneiras de prestar atendimento, utilizando inova\u00e7\u00e3o e tecnologia como aliadas para enfrentar os desafios espec\u00edficos da Amaz\u00f4nia. Al\u00e9m do impacto direto na \u00e1rea da sa\u00fade, a iniciativa fortalece o \u00e2mbito acad\u00eamico da UEA. A inser\u00e7\u00e3o do conceito de transforma\u00e7\u00e3o digital na universidade busca preparar os futuros profissionais para lidar com novas pr\u00e1ticas j\u00e1 presentes em escala global. Dessa forma, os egressos podem iniciar no mercado de trabalho com uma vis\u00e3o s\u00f3lida e clara sobre o papel das tecnologias na assist\u00eancia \u00e0 sa\u00fade.<\/p>\n\n\n\n<p>Apoio institucional<br>Representando o reitor, Prof. Dr. Andr\u00e9 Zogahib, o diretor da Ag\u00eancia de Inova\u00e7\u00e3o Tecnol\u00f3gica e Propriedade Intelectual, Prof. Dr. Ant\u00f4nio Mesquita, destacou os investimentos da UEA em novas tecnologias voltadas \u00e0 \u00e1rea da sa\u00fade. \u201cA transversalidade entre tecnologia e assist\u00eancia em sa\u00fade \u00e9 hoje uma combina\u00e7\u00e3o essencial. Em nome do nosso reitor, Andr\u00e9 Zogahib, e da vice-reitora, K\u00e1tia Couceiro, declaro aberta a programa\u00e7\u00e3o, reafirmando nosso compromisso de buscar conhecimento, formar profissionais alinhados \u00e0s mudan\u00e7as globais e transformar, com evid\u00eancias e alto impacto, a assist\u00eancia em sa\u00fade na Amaz\u00f4nia\u201d, disse.<\/p>\n\n\n\n<p>Para a Prof.\u00aa Dra. Adriana Taveira, coordenadora da Uddae\/UEA, a transforma\u00e7\u00e3o digital na sa\u00fade tem o potencial de revolucionar a assist\u00eancia m\u00e9dica na Amaz\u00f4nia. \u201cHoje, com a integra\u00e7\u00e3o entre tecnologia e inova\u00e7\u00e3o, conseguimos criar solu\u00e7\u00f5es que aproximam os pacientes do cuidado e qualificam a atua\u00e7\u00e3o dos profissionais. A proposta do AldTec \u00e9 justamente essa: usar a transforma\u00e7\u00e3o digital para superar dist\u00e2ncias, reduzir desigualdades e oferecer uma assist\u00eancia mais eficiente, humanizada e de qualidade\u201d, completou.<\/p>\n\n\n\n<p><\/p>\n\n\n\n<figure class=\"wp-block-image size-large\"><img decoding=\"async\" width=\"1024\" height=\"683\" src=\"https:\/\/uddae.uea.edu.br\/wp-content\/uploads\/2025\/09\/WhatsApp-Image-2025-09-11-at-09.49.43-1-1024x683.jpeg\" alt=\"\" class=\"wp-image-2245\" srcset=\"https:\/\/uddae.uea.edu.br\/wp-content\/uploads\/2025\/09\/WhatsApp-Image-2025-09-11-at-09.49.43-1-1024x683.jpeg 1024w, https:\/\/uddae.uea.edu.br\/wp-content\/uploads\/2025\/09\/WhatsApp-Image-2025-09-11-at-09.49.43-1-300x200.jpeg 300w, https:\/\/uddae.uea.edu.br\/wp-content\/uploads\/2025\/09\/WhatsApp-Image-2025-09-11-at-09.49.43-1-768x512.jpeg 768w, https:\/\/uddae.uea.edu.br\/wp-content\/uploads\/2025\/09\/WhatsApp-Image-2025-09-11-at-09.49.43-1-1536x1024.jpeg 1536w, https:\/\/uddae.uea.edu.br\/wp-content\/uploads\/2025\/09\/WhatsApp-Image-2025-09-11-at-09.49.43-1-2048x1366.jpeg 2048w, https:\/\/uddae.uea.edu.br\/wp-content\/uploads\/2025\/09\/WhatsApp-Image-2025-09-11-at-09.49.43-1-600x400.jpeg 600w\" sizes=\"(max-width: 1024px) 100vw, 1024px\" \/><\/figure>\n\n\n\n<p><\/p>\n\n\n\n<p>\u201cEste \u00e9 um momento diferenciado e significativo, em que damos mais um passo importante com a Telessa\u00fade, ampliando sua atua\u00e7\u00e3o e impacto no interior do Amazonas. Estamos mostrando que \u00e9 poss\u00edvel alinhar nossa regionalidade com informa\u00e7\u00e3o, inova\u00e7\u00e3o e tecnologia, \u00e1reas que esta casa domina com excel\u00eancia, para levar bem-estar, melhor qualidade de vida e ampliar o alcance das a\u00e7\u00f5es em sa\u00fade\u201d, afirmou a coordenadora pedag\u00f3gica da Uddae\/UEA, Prof.\u00aa Dra. C\u00e1ssia Souza.<\/p>\n\n\n\n<p>A programa\u00e7\u00e3o de lan\u00e7amento contou com palestras de especialistas da \u00e1rea da sa\u00fade e tecnologia. O Prof. Dr. Ivan Torres Pisa, da Universidade Federal de S\u00e3o Paulo (Unifesp), ministrou a confer\u00eancia de abertura com o tema Intelig\u00eancia Artificial na Sa\u00fade. Tamb\u00e9m foram realizadas as palestras \u201cTecnologia e Inova\u00e7\u00e3o: Ecossistema UEA\u201d, apresentada pelo Prof. Dr. Ant\u00f4nio de Lima Mesquita, e \u201cTransforma\u00e7\u00e3o Digital e Inova\u00e7\u00e3o na Sa\u00fade \u2013 AldTec\u201d, ministrada pela Prof.\u00aa Dra. Adriana Taveira. Compondo a mesa, esteve presente, tamb\u00e9m, a coordenadora de Qualidade da EST\/UEA, Prof.\u00aa Dra. Samantha Coelho Pinheiro.<\/p>\n\n\n\n<p><\/p>\n\n\n\n<figure class=\"wp-block-image size-large\"><img decoding=\"async\" width=\"1024\" height=\"683\" src=\"https:\/\/uddae.uea.edu.br\/wp-content\/uploads\/2025\/09\/WhatsApp-Image-2025-09-11-at-09.49.43-2-1024x683.jpeg\" alt=\"\" class=\"wp-image-2246\" srcset=\"https:\/\/uddae.uea.edu.br\/wp-content\/uploads\/2025\/09\/WhatsApp-Image-2025-09-11-at-09.49.43-2-1024x683.jpeg 1024w, https:\/\/uddae.uea.edu.br\/wp-content\/uploads\/2025\/09\/WhatsApp-Image-2025-09-11-at-09.49.43-2-300x200.jpeg 300w, https:\/\/uddae.uea.edu.br\/wp-content\/uploads\/2025\/09\/WhatsApp-Image-2025-09-11-at-09.49.43-2-768x512.jpeg 768w, https:\/\/uddae.uea.edu.br\/wp-content\/uploads\/2025\/09\/WhatsApp-Image-2025-09-11-at-09.49.43-2-1536x1024.jpeg 1536w, https:\/\/uddae.uea.edu.br\/wp-content\/uploads\/2025\/09\/WhatsApp-Image-2025-09-11-at-09.49.43-2-2048x1366.jpeg 2048w, https:\/\/uddae.uea.edu.br\/wp-content\/uploads\/2025\/09\/WhatsApp-Image-2025-09-11-at-09.49.43-2-600x400.jpeg 600w\" sizes=\"(max-width: 1024px) 100vw, 1024px\" \/><\/figure>\n","protected":false},"excerpt":{"rendered":"<p>A Aldeia de Transforma\u00e7\u00e3o Digital na Sa\u00fade na Amaz\u00f4nia \u2013 Sa\u00fade, Tecnologia e Inova\u00e7\u00e3o (AldTec) \u00e9 o novo bra\u00e7o tecnol\u00f3gico da Unidade de Desenvolvimento Docente e Apoio ao Ensino da Universidade do Estado do Amazonas (Uddae\/UEA). A iniciativa, lan\u00e7ada nesta ter\u00e7a-feira (9\/9), no audit\u00f3rio da Escola Superior de Tecnologia (EST), surge com uma proposta voltada [&hellip;]<\/p>\n","protected":false},"author":1,"featured_media":2243,"comment_status":"closed","ping_status":"open","sticky":false,"template":"","format":"standard","meta":{"footnotes":""},"categories":[1],"tags":[],"class_list":["post-2242","post","type-post","status-publish","format-standard","has-post-thumbnail","hentry","category-uncategorized"],"_links":{"self":[{"href":"https:\/\/uddae.uea.edu.br\/index.php\/wp-json\/wp\/v2\/posts\/2242","targetHints":{"allow":["GET"]}}],"collection":[{"href":"https:\/\/uddae.uea.edu.br\/index.php\/wp-json\/wp\/v2\/posts"}],"about":[{"href":"https:\/\/uddae.uea.edu.br\/index.php\/wp-json\/wp\/v2\/types\/post"}],"author":[{"embeddable":true,"href":"https:\/\/uddae.uea.edu.br\/index.php\/wp-json\/wp\/v2\/users\/1"}],"replies":[{"embeddable":true,"href":"https:\/\/uddae.uea.edu.br\/index.php\/wp-json\/wp\/v2\/comments?post=2242"}],"version-history":[{"count":1,"href":"https:\/\/uddae.uea.edu.br\/index.php\/wp-json\/wp\/v2\/posts\/2242\/revisions"}],"predecessor-version":[{"id":2247,"href":"https:\/\/uddae.uea.edu.br\/index.php\/wp-json\/wp\/v2\/posts\/2242\/revisions\/2247"}],"wp:featuredmedia":[{"embeddable":true,"href":"https:\/\/uddae.uea.edu.br\/index.php\/wp-json\/wp\/v2\/media\/2243"}],"wp:attachment":[{"href":"https:\/\/uddae.uea.edu.br\/index.php\/wp-json\/wp\/v2\/media?parent=2242"}],"wp:term":[{"taxonomy":"category","embeddable":true,"href":"https:\/\/uddae.uea.edu.br\/index.php\/wp-json\/wp\/v2\/categories?post=2242"},{"taxonomy":"post_tag","embeddable":true,"href":"https:\/\/uddae.uea.edu.br\/index.php\/wp-json\/wp\/v2\/tags?post=2242"}],"curies":[{"name":"wp","href":"https:\/\/api.w.org\/{rel}","templated":true}]}}