{"id":2147,"date":"2025-06-17T19:35:08","date_gmt":"2025-06-17T19:35:08","guid":{"rendered":"https:\/\/uddae.uea.edu.br\/?p=2147"},"modified":"2025-06-17T19:35:08","modified_gmt":"2025-06-17T19:35:08","slug":"olhares-que-contemplam-xi-mostra-fotografica-da-esa-uea-traduz-a-beleza-do-caos-natural","status":"publish","type":"post","link":"https:\/\/uddae.uea.edu.br\/index.php\/2025\/06\/17\/olhares-que-contemplam-xi-mostra-fotografica-da-esa-uea-traduz-a-beleza-do-caos-natural\/","title":{"rendered":"Olhares que contemplam: XI Mostra Fotogr\u00e1fica da ESA\/UEA traduz a beleza do caos natural"},"content":{"rendered":"\n<p>Texturas, formas e padr\u00f5es escondidos na natureza ganham novos significados na XI Mostra Fotogr\u00e1fica da Universidade do Estado do Amazonas (UEA). Sob a tem\u00e1tica \u201cCaos Harm\u00f4nico, a ordem secreta da natureza\u201d, a exposi\u00e7\u00e3o foi iniciada nesta ter\u00e7a-feira (17\/6), e segue aberta para visita\u00e7\u00e3o at\u00e9 o dia 27 de junho, na Escola Superior de Ci\u00eancias da Sa\u00fade (ESA\/UEA), localizada na avenida Carvalho Leal, 1.777, Cachoeirinha.<\/p>\n\n\n\n<p>A exposi\u00e7\u00e3o re\u00fane trabalhos dos estudantes da disciplina de Fotografia Digital B\u00e1sica, sob orienta\u00e7\u00e3o da Prof.\u00aa Dra. Vilma Melo, e conta com apoio da Unidade de Desenvolvimento Docente e Apoio ao Ensino (Uddae) e da Foto Nascimento. As imagens revelam a beleza de um mundo organizado sob o aparente caos.<\/p>\n\n\n\n<p>No total, a exposi\u00e7\u00e3o re\u00fane 48 fotografias, uma de cada aluno, acompanhadas por haicais, pequenas poesias tamb\u00e9m criadas pelos pr\u00f3prios estudantes. As obras s\u00e3o resultado de um processo pedag\u00f3gico que, mais do que t\u00e9cnicas de enquadramento ou ilumina\u00e7\u00e3o, busca estimular a escuta, a aten\u00e7\u00e3o plena e a contempla\u00e7\u00e3o. A proposta tem como base a fotografia contemplativa, abordagem adotada pela disciplina nos \u00faltimos tr\u00eas semestres.<\/p>\n\n\n\n<p>De acordo com a Prof. Dra. Vilma Melo, o foco do trabalho est\u00e1 na experi\u00eancia do presente. Antes de fotografar, os alunos s\u00e3o incentivados a parar, respirar e se conectar com o momento. Um exerc\u00edcio que, segundo ela, tamb\u00e9m se relaciona com o atendimento em sa\u00fade, onde \u00e9 necess\u00e1rio estar atento e dispon\u00edvel para o outro. \u201cA gente descobriu que, assim como precisamos estar inteiros para fotografar, tamb\u00e9m devemos estar inteiros para acolher o paciente\u201d, explica a coordenadora da Mostra.<\/p>\n\n\n\n<p>Aten\u00e7\u00e3o \u00e0 sa\u00fade mental da comunidade acad\u00eamica<\/p>\n\n\n\n<p>A mostra tamb\u00e9m prop\u00f5e um momento de pausa na rotina intensa da vida acad\u00eamica. Em um ambiente marcado por provas, trabalhos e press\u00f5es, a disciplina de Fotografia se torna um espa\u00e7o de respiro, medita\u00e7\u00e3o e express\u00e3o art\u00edstica. \u201cA gente n\u00e3o deu \u00eanfase \u00e0 t\u00e9cnica convencional. Demos liberdade para que os alunos expressassem o que estavam sentindo\u201d, afirma a professora.<\/p>\n\n\n\n<p>Para a coordenadora da Uddae, Prof.\u00aa Dra. Adriana Taveira, a iniciativa contribui para uma forma\u00e7\u00e3o mais humana e sens\u00edvel no campo da sa\u00fade.<\/p>\n\n\n\n<p>\u201cA Mostra Fotogr\u00e1fica \u00e9 um exemplo concreto de como a arte pode estar a servi\u00e7o da forma\u00e7\u00e3o em sa\u00fade. A Uddae tem muito orgulho de apoiar iniciativas como essa, que ampliam o olhar dos estudantes para al\u00e9m da t\u00e9cnica e os conectam com aspectos humanos fundamentais, como a escuta, a empatia e a presen\u00e7a. Ao promoverem a contempla\u00e7\u00e3o e o autoconhecimento, essas atividades enriquecem n\u00e3o apenas o processo de aprendizagem, mas tamb\u00e9m a pr\u00e1tica profissional futura de cada aluno\u201d, explicou.<\/p>\n\n\n\n<p>A estudante Paola Giovanna Amazonas, do 5\u00ba per\u00edodo de Odontologia, destaca a import\u00e2ncia da disciplina de Fotografia Digital B\u00e1sica como um espa\u00e7o de respiro em meio \u00e0 rotina intensa dos cursos da \u00e1rea da sa\u00fade.<\/p>\n\n\n\n<p>\u201c\u00c9 uma honra poder participar dessa mat\u00e9ria. Inclusive, tive a oportunidade de escrever um relato de experi\u00eancia junto com a professora. Dentro de uma universidade voltada para a \u00e1rea da sa\u00fade, onde tudo \u00e9 muito intenso e estressante, ter uma disciplina ligada ao mundo das artes \u00e9 como um al\u00edvio. A mostra nos deu a chance de expressar o que sentimos por meio das fotos e tamb\u00e9m de criar haikais inspirados nessas imagens. \u00c9 uma forma de trazer arte para a nossa forma\u00e7\u00e3o e de sair, ainda que por um momento, do ambiente tenso da rotina acad\u00eamica\u201d, observou a discente.<\/p>\n\n\n\n<figure class=\"wp-block-gallery has-nested-images columns-default is-cropped wp-block-gallery-1 is-layout-flex wp-block-gallery-is-layout-flex\">\n<figure class=\"wp-block-image size-large\"><img fetchpriority=\"high\" decoding=\"async\" width=\"1024\" height=\"682\" data-id=\"2149\" src=\"https:\/\/uddae.uea.edu.br\/wp-content\/uploads\/2025\/06\/imagem_2025-06-17_153202648-1024x682.png\" alt=\"\" class=\"wp-image-2149\" srcset=\"https:\/\/uddae.uea.edu.br\/wp-content\/uploads\/2025\/06\/imagem_2025-06-17_153202648-1024x682.png 1024w, https:\/\/uddae.uea.edu.br\/wp-content\/uploads\/2025\/06\/imagem_2025-06-17_153202648-300x200.png 300w, https:\/\/uddae.uea.edu.br\/wp-content\/uploads\/2025\/06\/imagem_2025-06-17_153202648-768x512.png 768w, https:\/\/uddae.uea.edu.br\/wp-content\/uploads\/2025\/06\/imagem_2025-06-17_153202648-1536x1024.png 1536w, https:\/\/uddae.uea.edu.br\/wp-content\/uploads\/2025\/06\/imagem_2025-06-17_153202648-2048x1365.png 2048w, https:\/\/uddae.uea.edu.br\/wp-content\/uploads\/2025\/06\/imagem_2025-06-17_153202648-600x400.png 600w\" sizes=\"(max-width: 1024px) 100vw, 1024px\" \/><\/figure>\n\n\n\n<figure class=\"wp-block-image size-large\"><img decoding=\"async\" width=\"1024\" height=\"682\" data-id=\"2150\" src=\"https:\/\/uddae.uea.edu.br\/wp-content\/uploads\/2025\/06\/imagem_2025-06-17_153231120-1024x682.png\" alt=\"\" class=\"wp-image-2150\" srcset=\"https:\/\/uddae.uea.edu.br\/wp-content\/uploads\/2025\/06\/imagem_2025-06-17_153231120-1024x682.png 1024w, https:\/\/uddae.uea.edu.br\/wp-content\/uploads\/2025\/06\/imagem_2025-06-17_153231120-300x200.png 300w, https:\/\/uddae.uea.edu.br\/wp-content\/uploads\/2025\/06\/imagem_2025-06-17_153231120-768x512.png 768w, https:\/\/uddae.uea.edu.br\/wp-content\/uploads\/2025\/06\/imagem_2025-06-17_153231120-1536x1024.png 1536w, https:\/\/uddae.uea.edu.br\/wp-content\/uploads\/2025\/06\/imagem_2025-06-17_153231120-2048x1365.png 2048w\" sizes=\"(max-width: 1024px) 100vw, 1024px\" \/><\/figure>\n\n\n\n<figure class=\"wp-block-image size-large\"><img decoding=\"async\" width=\"1024\" height=\"694\" data-id=\"2152\" src=\"https:\/\/uddae.uea.edu.br\/wp-content\/uploads\/2025\/06\/imagem_2025-06-17_153350188-1024x694.png\" alt=\"\" class=\"wp-image-2152\" srcset=\"https:\/\/uddae.uea.edu.br\/wp-content\/uploads\/2025\/06\/imagem_2025-06-17_153350188-1024x694.png 1024w, https:\/\/uddae.uea.edu.br\/wp-content\/uploads\/2025\/06\/imagem_2025-06-17_153350188-300x203.png 300w, https:\/\/uddae.uea.edu.br\/wp-content\/uploads\/2025\/06\/imagem_2025-06-17_153350188-768x521.png 768w, https:\/\/uddae.uea.edu.br\/wp-content\/uploads\/2025\/06\/imagem_2025-06-17_153350188-1536x1042.png 1536w, https:\/\/uddae.uea.edu.br\/wp-content\/uploads\/2025\/06\/imagem_2025-06-17_153350188-2048x1389.png 2048w, https:\/\/uddae.uea.edu.br\/wp-content\/uploads\/2025\/06\/imagem_2025-06-17_153350188-600x407.png 600w\" sizes=\"(max-width: 1024px) 100vw, 1024px\" \/><\/figure>\n<\/figure>\n","protected":false},"excerpt":{"rendered":"<p>Texturas, formas e padr\u00f5es escondidos na natureza ganham novos significados na XI Mostra Fotogr\u00e1fica da Universidade do Estado do Amazonas (UEA). Sob a tem\u00e1tica \u201cCaos Harm\u00f4nico, a ordem secreta da natureza\u201d, a exposi\u00e7\u00e3o foi iniciada nesta ter\u00e7a-feira (17\/6), e segue aberta para visita\u00e7\u00e3o at\u00e9 o dia 27 de junho, na Escola Superior de Ci\u00eancias da [&hellip;]<\/p>\n","protected":false},"author":1,"featured_media":2148,"comment_status":"closed","ping_status":"open","sticky":false,"template":"","format":"standard","meta":{"footnotes":""},"categories":[1],"tags":[],"class_list":["post-2147","post","type-post","status-publish","format-standard","has-post-thumbnail","hentry","category-uncategorized"],"_links":{"self":[{"href":"https:\/\/uddae.uea.edu.br\/index.php\/wp-json\/wp\/v2\/posts\/2147","targetHints":{"allow":["GET"]}}],"collection":[{"href":"https:\/\/uddae.uea.edu.br\/index.php\/wp-json\/wp\/v2\/posts"}],"about":[{"href":"https:\/\/uddae.uea.edu.br\/index.php\/wp-json\/wp\/v2\/types\/post"}],"author":[{"embeddable":true,"href":"https:\/\/uddae.uea.edu.br\/index.php\/wp-json\/wp\/v2\/users\/1"}],"replies":[{"embeddable":true,"href":"https:\/\/uddae.uea.edu.br\/index.php\/wp-json\/wp\/v2\/comments?post=2147"}],"version-history":[{"count":1,"href":"https:\/\/uddae.uea.edu.br\/index.php\/wp-json\/wp\/v2\/posts\/2147\/revisions"}],"predecessor-version":[{"id":2153,"href":"https:\/\/uddae.uea.edu.br\/index.php\/wp-json\/wp\/v2\/posts\/2147\/revisions\/2153"}],"wp:featuredmedia":[{"embeddable":true,"href":"https:\/\/uddae.uea.edu.br\/index.php\/wp-json\/wp\/v2\/media\/2148"}],"wp:attachment":[{"href":"https:\/\/uddae.uea.edu.br\/index.php\/wp-json\/wp\/v2\/media?parent=2147"}],"wp:term":[{"taxonomy":"category","embeddable":true,"href":"https:\/\/uddae.uea.edu.br\/index.php\/wp-json\/wp\/v2\/categories?post=2147"},{"taxonomy":"post_tag","embeddable":true,"href":"https:\/\/uddae.uea.edu.br\/index.php\/wp-json\/wp\/v2\/tags?post=2147"}],"curies":[{"name":"wp","href":"https:\/\/api.w.org\/{rel}","templated":true}]}}