{"id":2127,"date":"2025-05-30T16:53:24","date_gmt":"2025-05-30T16:53:24","guid":{"rendered":"https:\/\/uddae.uea.edu.br\/?p=2127"},"modified":"2025-05-30T16:53:26","modified_gmt":"2025-05-30T16:53:26","slug":"i-workshop-do-pet-saude-uea-discute-violencia-no-ambiente-de-trabalho-contra-trabalhadoras-do-sus","status":"publish","type":"post","link":"https:\/\/uddae.uea.edu.br\/index.php\/2025\/05\/30\/i-workshop-do-pet-saude-uea-discute-violencia-no-ambiente-de-trabalho-contra-trabalhadoras-do-sus\/","title":{"rendered":"I Workshop do PET Sa\u00fade UEA discute viol\u00eancia no ambiente de trabalho contra trabalhadoras do SUS"},"content":{"rendered":"\n<p>Especialistas em sa\u00fade e direito e representantes da gest\u00e3o p\u00fablica est\u00e3o reunidos, durante os dias 28 e 29 de maio, no I Workshop do PET Sa\u00fade da Universidade do Estado do Amazonas (UEA). O evento \u00e9 realizado no audit\u00f3rio da Escola Superior de Ci\u00eancias da Sa\u00fade (ESA\/UEA) e tem como tema central a viol\u00eancia no ambiente de trabalho contra as mulheres que atuam no Sistema \u00danico de Sa\u00fade (SUS), promovendo reflex\u00f5es e estrat\u00e9gias para o enfrentamento do problema.<\/p>\n\n\n\n<p>A iniciativa integra as a\u00e7\u00f5es do PET Sa\u00fade: Equidade, com organiza\u00e7\u00e3o e realiza\u00e7\u00e3o da Unidade de Desenvolvimento Docente e Apoio ao Ensino (Uddae). O workshop tem foco na reorienta\u00e7\u00e3o da forma\u00e7\u00e3o em sa\u00fade para o SUS, a partir dos princ\u00edpios de equidade de g\u00eanero, ra\u00e7a e valoriza\u00e7\u00e3o das trabalhadoras. Com uma programa\u00e7\u00e3o intensa, o workshop soma 16 horas de atividades, entre rodas de conversa, oficinas tem\u00e1ticas e plen\u00e1rias participativas.<\/p>\n\n\n\n<p>Para a vice-reitora da UEA, Prof.\u00aa Dra. K\u00e1tia Couceiro, \u00e9 miss\u00e3o da universidade trabalhar a reflex\u00e3o sobre o assunto e promover espa\u00e7os de escuta e a\u00e7\u00f5es concretas. \u201c\u00c9 um tema muito pertinente e que merece nossa aten\u00e7\u00e3o cont\u00ednua. A UEA tem um compromisso profundo com o enfrentamento dessas viol\u00eancias, motivo pelo qual temos investido cada vez mais em a\u00e7\u00f5es, projetos e espa\u00e7os de di\u00e1logo dentro da institui\u00e7\u00e3o. A universidade deve ser um ambiente de acolhimento, respeito e transforma\u00e7\u00e3o social, e \u00e9 nesse caminho que seguimos avan\u00e7ando\u201d, enfatizou.<\/p>\n\n\n\n<p><strong>Programa\u00e7\u00e3o<\/strong><\/p>\n\n\n\n<p>No primeiro dia, as participantes foram convidadas a compartilhar experi\u00eancias e d\u00favidas relacionadas \u00e0s diversas formas de viol\u00eancia vivenciadas nos locais de trabalho. Na sequ\u00eancia, foram organizados grupos tem\u00e1ticos para aprofundar a discuss\u00e3o sobre os tipos de viol\u00eancia enfrentados por trabalhadoras do SUS: f\u00edsica e sexual; psicol\u00f3gica e moral; institucional e microagress\u00f5es; e discrimina\u00e7\u00e3o por ra\u00e7a, g\u00eanero, idade e capacitismo. Os debates resultaram em uma plen\u00e1ria coletiva, onde os principais casos e percep\u00e7\u00f5es foram socializados entre os grupos.<\/p>\n\n\n\n<p>No segundo dia, os grupos se reorganizam com base no interesse das participantes e nas estrat\u00e9gias de preven\u00e7\u00e3o que pretendiam desenvolver. A programa\u00e7\u00e3o aborda t\u00e1ticas espec\u00edficas para combater cada tipo de viol\u00eancia discutido no dia anterior. O encerramento do workshop ser\u00e1 marcado pela apresenta\u00e7\u00e3o das propostas constru\u00eddas ao longo dos dois dias, e entregues \u00e0 Secretaria Municipal de Sa\u00fade de Manaus (Semsa) como subs\u00eddios para a formula\u00e7\u00e3o de pol\u00edticas p\u00fablicas voltadas \u00e0 prote\u00e7\u00e3o e valoriza\u00e7\u00e3o das mulheres no SUS.<\/p>\n\n\n\n<p><strong>Apoio institucional<\/strong><\/p>\n\n\n\n<p>A vice-coordenadora da Uddae, Prof. Dra. C\u00e1ssia Silva, explica que a discuss\u00e3o da tem\u00e1tica \u00e9 significativa. \u201cPrecisamos dar valor a atividades como essa para que esse di\u00e1logo reflita positivimente em outras camadas da sociedade. Em meu nome, e da Prof.\u00aa Dra. Adriana Taveira, coordenadora da Uddae, agradecemos e parabenizamos todos os participantes pelo engajamento em uma causa t\u00e3o importante\u201d, pontuou.<\/p>\n\n\n\n<p>Segundo a coordenadora do workshop, Prof.\u00aa Dra. Shirley Passos, o evento tem o objetivo de propor o reconhecimento das viol\u00eancias no ambiente de trabalho e estimular transforma\u00e7\u00f5es institucionais a partir das propostas elaboradas. \u201cAs atividades realizadas durante os grupos de trabalho buscam apresentar os tipos de viol\u00eancias e, posteriormente trabalhar a preven\u00e7\u00e3o desses casos no ambiente do trabalho. O workshop reafirma o compromisso da universidade com a forma\u00e7\u00e3o cr\u00edtica e engajada de profissionais da sa\u00fade\u201d, comentou.<\/p>\n\n\n\n<p>A coordenadora do PET Sa\u00fade Equidade da UEA, Prof.\u00aa Dra. Giane Zupellari, finaliza destacando a relev\u00e2ncia do evento e a abrang\u00eancia das a\u00e7\u00f5es promovidas pelo programa. \u201cO PET Sa\u00fade Equidade tem como eixo central a valoriza\u00e7\u00e3o das trabalhadoras e futuras profissionais da sa\u00fade no contexto do SUS, com foco em uma forma\u00e7\u00e3o cr\u00edtica e comprometida com a justi\u00e7a social. Este workshop \u00e9 um reflexo desse compromisso, ao abrir espa\u00e7o para a escuta ativa, o debate qualificado e a formula\u00e7\u00e3o coletiva de estrat\u00e9gias que fortale\u00e7am as mulheres no ambiente de trabalho e nas estruturas institucionais do SUS\u201d, explicou.<\/p>\n\n\n\n<p>O evento conta, ainda, com apoio do Governo Federal, por meio do Minist\u00e9rio da Sa\u00fade; Programa de Apoio ao Desenvolvimento de Eventos (Padev); Programa de P\u00f3s-gradua\u00e7\u00e3o em Sa\u00fade Coletiva (PPGSC), Secretaria de Estado de Sa\u00fade do Amazonas (SES-AM) e Semsa.<\/p>\n\n\n\n<p>Durante a mesa de abertura, estiveram presentes, tamb\u00e9m, a secret\u00e1ria adjunta de Pol\u00edticas de Sa\u00fade da SES-AM, Nara N\u00fabia Valente Santana Esquivel, representando a secret\u00e1ria Nayara Maksoud; a diretora da Escola de Sa\u00fade P\u00fablica de Manaus, senhora Karina Cerquinho, representando a secret\u00e1ria municipal de Sa\u00fade, Sh\u00e1dia Fraxe; o pr\u00f3-reitor de Extens\u00e3o e Assuntos Comunit\u00e1rios da UEA, Prof. Dr. Darlisom Ferreira; o coordenador de \u00e1rea na Coordenadoria de Integra\u00e7\u00e3o Ensino-Servi\u00e7o do Deges\/SGTES\/Minist\u00e9rio da Sa\u00fade, Prof. Dr. William Fernandes Luna; a Prof.\u00aa Dra. Fabiana Martins, representando o reitor da Universidade Federal do Amazonas (Ufam), Prof. Dr. Sylvio M\u00e1rio Pulga; e o diretor da ESA\/UEA, Prof. Me. Ant\u00f4nio Eduardo Martinez Palhares.<\/p>\n\n\n\n<figure class=\"wp-block-gallery aligncenter has-nested-images columns-default is-cropped wp-block-gallery-1 is-layout-flex wp-block-gallery-is-layout-flex\">\n<figure class=\"wp-block-image size-large\"><img fetchpriority=\"high\" decoding=\"async\" width=\"1024\" height=\"683\" data-id=\"2129\" src=\"https:\/\/uddae.uea.edu.br\/wp-content\/uploads\/2025\/05\/348A5128-1-1024x683-2.jpg\" alt=\"\" class=\"wp-image-2129\" srcset=\"https:\/\/uddae.uea.edu.br\/wp-content\/uploads\/2025\/05\/348A5128-1-1024x683-2.jpg 1024w, https:\/\/uddae.uea.edu.br\/wp-content\/uploads\/2025\/05\/348A5128-1-1024x683-2-300x200.jpg 300w, https:\/\/uddae.uea.edu.br\/wp-content\/uploads\/2025\/05\/348A5128-1-1024x683-2-768x512.jpg 768w, https:\/\/uddae.uea.edu.br\/wp-content\/uploads\/2025\/05\/348A5128-1-1024x683-2-600x400.jpg 600w\" sizes=\"(max-width: 1024px) 100vw, 1024px\" \/><\/figure>\n\n\n\n<figure class=\"wp-block-image size-large\"><img decoding=\"async\" width=\"300\" height=\"200\" data-id=\"2130\" src=\"https:\/\/uddae.uea.edu.br\/wp-content\/uploads\/2025\/05\/imagem_2025-05-30_125337789.png\" alt=\"\" class=\"wp-image-2130\"\/><\/figure>\n\n\n\n<figure class=\"wp-block-image size-large\"><img decoding=\"async\" width=\"300\" height=\"200\" data-id=\"2131\" src=\"https:\/\/uddae.uea.edu.br\/wp-content\/uploads\/2025\/05\/imagem_2025-05-30_125347308.png\" alt=\"\" class=\"wp-image-2131\"\/><\/figure>\n\n\n\n<figure class=\"wp-block-image size-large\"><img loading=\"lazy\" decoding=\"async\" width=\"768\" height=\"512\" data-id=\"2133\" src=\"https:\/\/uddae.uea.edu.br\/wp-content\/uploads\/2025\/05\/imagem_2025-05-30_125409578.png\" alt=\"\" class=\"wp-image-2133\" srcset=\"https:\/\/uddae.uea.edu.br\/wp-content\/uploads\/2025\/05\/imagem_2025-05-30_125409578.png 768w, https:\/\/uddae.uea.edu.br\/wp-content\/uploads\/2025\/05\/imagem_2025-05-30_125409578-300x200.png 300w, https:\/\/uddae.uea.edu.br\/wp-content\/uploads\/2025\/05\/imagem_2025-05-30_125409578-600x400.png 600w\" sizes=\"(max-width: 768px) 100vw, 768px\" \/><\/figure>\n<\/figure>\n","protected":false},"excerpt":{"rendered":"<p>Especialistas em sa\u00fade e direito e representantes da gest\u00e3o p\u00fablica est\u00e3o reunidos, durante os dias 28 e 29 de maio, no I Workshop do PET Sa\u00fade da Universidade do Estado do Amazonas (UEA). O evento \u00e9 realizado no audit\u00f3rio da Escola Superior de Ci\u00eancias da Sa\u00fade (ESA\/UEA) e tem como tema central a viol\u00eancia no [&hellip;]<\/p>\n","protected":false},"author":1,"featured_media":2128,"comment_status":"closed","ping_status":"open","sticky":false,"template":"","format":"standard","meta":{"footnotes":""},"categories":[1],"tags":[],"class_list":["post-2127","post","type-post","status-publish","format-standard","has-post-thumbnail","hentry","category-uncategorized"],"_links":{"self":[{"href":"https:\/\/uddae.uea.edu.br\/index.php\/wp-json\/wp\/v2\/posts\/2127","targetHints":{"allow":["GET"]}}],"collection":[{"href":"https:\/\/uddae.uea.edu.br\/index.php\/wp-json\/wp\/v2\/posts"}],"about":[{"href":"https:\/\/uddae.uea.edu.br\/index.php\/wp-json\/wp\/v2\/types\/post"}],"author":[{"embeddable":true,"href":"https:\/\/uddae.uea.edu.br\/index.php\/wp-json\/wp\/v2\/users\/1"}],"replies":[{"embeddable":true,"href":"https:\/\/uddae.uea.edu.br\/index.php\/wp-json\/wp\/v2\/comments?post=2127"}],"version-history":[{"count":1,"href":"https:\/\/uddae.uea.edu.br\/index.php\/wp-json\/wp\/v2\/posts\/2127\/revisions"}],"predecessor-version":[{"id":2134,"href":"https:\/\/uddae.uea.edu.br\/index.php\/wp-json\/wp\/v2\/posts\/2127\/revisions\/2134"}],"wp:featuredmedia":[{"embeddable":true,"href":"https:\/\/uddae.uea.edu.br\/index.php\/wp-json\/wp\/v2\/media\/2128"}],"wp:attachment":[{"href":"https:\/\/uddae.uea.edu.br\/index.php\/wp-json\/wp\/v2\/media?parent=2127"}],"wp:term":[{"taxonomy":"category","embeddable":true,"href":"https:\/\/uddae.uea.edu.br\/index.php\/wp-json\/wp\/v2\/categories?post=2127"},{"taxonomy":"post_tag","embeddable":true,"href":"https:\/\/uddae.uea.edu.br\/index.php\/wp-json\/wp\/v2\/tags?post=2127"}],"curies":[{"name":"wp","href":"https:\/\/api.w.org\/{rel}","templated":true}]}}