{"id":2003,"date":"2025-04-30T20:35:13","date_gmt":"2025-04-30T20:35:13","guid":{"rendered":"https:\/\/uddae.uea.edu.br\/?p=2003"},"modified":"2025-04-30T23:04:49","modified_gmt":"2025-04-30T23:04:49","slug":"uddae-uea-participa-de-lancamento-de-plano-municipal-voltado-a-populacao-em-situacao-de-rua-em-manaus","status":"publish","type":"post","link":"https:\/\/uddae.uea.edu.br\/index.php\/2025\/04\/30\/uddae-uea-participa-de-lancamento-de-plano-municipal-voltado-a-populacao-em-situacao-de-rua-em-manaus\/","title":{"rendered":"UEA participa de lan\u00e7amento de plano municipal voltado \u00e0 popula\u00e7\u00e3o em situa\u00e7\u00e3o de rua em Manaus"},"content":{"rendered":"\n<p>A Universidade do Estado do Amazonas (UEA) participou, na condi\u00e7\u00e3o de institui\u00e7\u00e3o membro efetivo, do lan\u00e7amento do Plano Municipal de Pol\u00edticas P\u00fablicas e Direitos Humanos para a Popula\u00e7\u00e3o em Situa\u00e7\u00e3o de Rua de Manaus, realizado nesta ter\u00e7a-feira (29\/4). O documento \u00e9 uma constru\u00e7\u00e3o do Comit\u00ea Intersetorial de Acompanhamento e Monitoramento da Pol\u00edtica para Popula\u00e7\u00e3o em Situa\u00e7\u00e3o de Rua (CIAMP), vinculado \u00e0 Secretaria Municipal da Mulher, Assist\u00eancia Social e Cidadania (SEMASC).<\/p>\n\n\n\n<p>Elaborado em parceria com diversos \u00f3rg\u00e3os, institui\u00e7\u00f5es e organiza\u00e7\u00f5es da sociedade civil, o plano tem como objetivo fortalecer os direitos de cidadania das pessoas em situa\u00e7\u00e3o de rua, garantindo o acesso amplo e seguro a programas e servi\u00e7os p\u00fablicos essenciais.<\/p>\n\n\n\n<p>O CIAMP re\u00fane cerca de 30 representantes de institui\u00e7\u00f5es p\u00fablicas, \u00f3rg\u00e3os de fiscaliza\u00e7\u00e3o, organiza\u00e7\u00f5es da sociedade civil e institui\u00e7\u00f5es de ensino superior. A subsecret\u00e1ria de Pol\u00edticas Afirmativas para as Mulheres e Direitos Humanos e coordenadora do Comit\u00ea, Sra. Maria das Gra\u00e7as Prola, afirma que o plano \u00e9 uma resposta concreta aos desafios enfrentados por essa popula\u00e7\u00e3o, marcada por estigmas, preconceitos e epis\u00f3dios recorrentes de viol\u00eancia.<\/p>\n\n\n\n<p>\u201cEsse plano segue os princ\u00edpios e diretrizes da Pol\u00edtica Nacional para a Popula\u00e7\u00e3o em Situa\u00e7\u00e3o de Rua, que est\u00e1 prevista no Plano Nacional e foi refor\u00e7ada por uma determina\u00e7\u00e3o do Supremo Tribunal Federal. A gente j\u00e1 vinha trabalhando na constru\u00e7\u00e3o desse plano, e hoje conseguimos apresentar uma vers\u00e3o para toda a comunidade\u201d, explicou.<\/p>\n\n\n\n<p>\u201cA participa\u00e7\u00e3o efetiva da Escola Superior de Ci\u00eancias da Sa\u00fade (ESA) e da Unidade de Desenvolvimento Docente e Apoio ao Ensino (UDDAE), nas a\u00e7\u00f5es e proposituras refor\u00e7a o compromisso da UEA com as pautas sociais e com a promo\u00e7\u00e3o dos direitos humanos. Agrade\u00e7o o apoio institucional do reitor Prof. Dr. Andr\u00e9 Zogahib e da vice-reitora Profa. Dra. K\u00e1tia Couceiro, que t\u00eam sido fundamentais para fortalecer iniciativas que aproximam a universidade das necessidades reais da popula\u00e7\u00e3o\u201d, comentou a coordenadora da UDDAE, Prof.\u00aa Dra. Adriana Taveira.<\/p>\n\n\n\n<p>Papel da universidade<\/p>\n\n\n\n<p>Segundo a vice-coordenadora da UDDAE e vice-coordenadora do CIAMP, Prof.\u00aa Dra. C\u00e1ssia Silva, a UDDAE sempre seguiu uma linha social, voltada para a garantia dos direitos do cidad\u00e3o. \u201cTemos participado e promovido ativamente iniciativas voltadas a essa tem\u00e1tica. Envolvemos tanto os egressos quanto os licenciandos da institui\u00e7\u00e3o nas a\u00e7\u00f5es de cuidado e promo\u00e7\u00e3o da sa\u00fade, para que possam atuar diretamente com a popula\u00e7\u00e3o. Isso tamb\u00e9m serve como um processo de sensibiliza\u00e7\u00e3o, mostrando a eles a realidade de um p\u00fablico que precisa \u2013 e muito \u2013 de aten\u00e7\u00e3o e empatia profissional\u201d, concluiu.<\/p>\n\n\n\n<p>O bispo auxiliar de Manaus, Dom Joaquim Hudson de Souza Ribeiro, ressaltou que \u00e9 preciso pensar em a\u00e7\u00f5es estruturadas. \u201cFico muito feliz em ver a UEA participando dessa iniciativa. Ver a universidade engajada nessa pauta nos d\u00e1 esperan\u00e7a. Hoje celebramos uma conquista: o lan\u00e7amento de um plano que nos d\u00e1 dire\u00e7\u00e3o, nos d\u00e1 norte. Agora, o desafio \u00e9 segui-lo, com o apoio do governo municipal e de todas as organiza\u00e7\u00f5es envolvidas, para que a pol\u00edtica p\u00fablica se concretize e os direitos dessa popula\u00e7\u00e3o sejam, de fato, respeitados\u201d, finalizou.<\/p>\n\n\n\n<p>A procuradora-chefe do Minist\u00e9rio P\u00fablico do Trabalho dos estados do Amazonas e de Roraima (MPT\/AM-RR), Dra. Alzira Melo Costa, explica que \u00e9 papel fundamental do \u00f3rg\u00e3o contribuir na forma\u00e7\u00e3o das pol\u00edticas p\u00fablicas, no monitoramento, na avalia\u00e7\u00e3o e no redirecionamento dessas pol\u00edticas. \u201cTrata-se de uma popula\u00e7\u00e3o em extrema vulnerabilidade que precisa de um suporte multidimensional: apoio psicol\u00f3gico, assist\u00eancia emergencial para atender suas necessidades b\u00e1sicas e, sobretudo, encaminhamentos estruturantes, especialmente no que diz respeito \u00e0 educa\u00e7\u00e3o, para que possam retomar sua vida em sociedade por meio da centralidade do trabalho\u201d, comentou.<\/p>\n\n\n\n<p>Para a coordenadora do Comit\u00ea Municipal de Pol\u00edticas P\u00fablicas para Pessoas Refugiadas, Migrantes e Ap\u00e1tridas (COMPREMI), Sra. Solange Blanco, as a\u00e7\u00f5es em conjunto trar\u00e3o muitos benef\u00edcios: \u201cNos preocupamos muito com os migrantes em situa\u00e7\u00e3o de rua e tentamos orient\u00e1-los em v\u00e1rias \u00e1reas, como sa\u00fade, educa\u00e7\u00e3o dos filhos, moradia e trabalho. Buscamos sempre fazer essa abordagem para resgatar, para que eles entendam que n\u00e3o est\u00e3o sozinhos. Sabemos que \u00e9 complicado, pois eles costumam ser resistentes. Estamos confiantes de que podemos conquistar muito com esse apoio do plano\u201d.<\/p>\n\n\n\n<p>Na composi\u00e7\u00e3o da mesa de lan\u00e7amento e entre o p\u00fablico havia representa\u00e7\u00e3o (eleita entre eles) da popula\u00e7\u00e3o em situa\u00e7\u00e3o de rua, pois s\u00e3o os protagonistas nesses processos de reivindica\u00e7\u00e3o e busca dos direitos.<\/p>\n","protected":false},"excerpt":{"rendered":"<p>A Universidade do Estado do Amazonas (UEA) participou, na condi\u00e7\u00e3o de institui\u00e7\u00e3o membro efetivo, do lan\u00e7amento do Plano Municipal de Pol\u00edticas P\u00fablicas e Direitos Humanos para a Popula\u00e7\u00e3o em Situa\u00e7\u00e3o de Rua de Manaus, realizado nesta ter\u00e7a-feira (29\/4). O documento \u00e9 uma constru\u00e7\u00e3o do Comit\u00ea Intersetorial de Acompanhamento e Monitoramento da Pol\u00edtica para Popula\u00e7\u00e3o em [&hellip;]<\/p>\n","protected":false},"author":1,"featured_media":2007,"comment_status":"closed","ping_status":"open","sticky":false,"template":"","format":"standard","meta":{"footnotes":""},"categories":[1],"tags":[],"class_list":["post-2003","post","type-post","status-publish","format-standard","has-post-thumbnail","hentry","category-uncategorized"],"_links":{"self":[{"href":"https:\/\/uddae.uea.edu.br\/index.php\/wp-json\/wp\/v2\/posts\/2003","targetHints":{"allow":["GET"]}}],"collection":[{"href":"https:\/\/uddae.uea.edu.br\/index.php\/wp-json\/wp\/v2\/posts"}],"about":[{"href":"https:\/\/uddae.uea.edu.br\/index.php\/wp-json\/wp\/v2\/types\/post"}],"author":[{"embeddable":true,"href":"https:\/\/uddae.uea.edu.br\/index.php\/wp-json\/wp\/v2\/users\/1"}],"replies":[{"embeddable":true,"href":"https:\/\/uddae.uea.edu.br\/index.php\/wp-json\/wp\/v2\/comments?post=2003"}],"version-history":[{"count":2,"href":"https:\/\/uddae.uea.edu.br\/index.php\/wp-json\/wp\/v2\/posts\/2003\/revisions"}],"predecessor-version":[{"id":2009,"href":"https:\/\/uddae.uea.edu.br\/index.php\/wp-json\/wp\/v2\/posts\/2003\/revisions\/2009"}],"wp:featuredmedia":[{"embeddable":true,"href":"https:\/\/uddae.uea.edu.br\/index.php\/wp-json\/wp\/v2\/media\/2007"}],"wp:attachment":[{"href":"https:\/\/uddae.uea.edu.br\/index.php\/wp-json\/wp\/v2\/media?parent=2003"}],"wp:term":[{"taxonomy":"category","embeddable":true,"href":"https:\/\/uddae.uea.edu.br\/index.php\/wp-json\/wp\/v2\/categories?post=2003"},{"taxonomy":"post_tag","embeddable":true,"href":"https:\/\/uddae.uea.edu.br\/index.php\/wp-json\/wp\/v2\/tags?post=2003"}],"curies":[{"name":"wp","href":"https:\/\/api.w.org\/{rel}","templated":true}]}}