{"id":1989,"date":"2025-03-21T14:00:53","date_gmt":"2025-03-21T14:00:53","guid":{"rendered":"https:\/\/uddae.uea.edu.br\/?p=1989"},"modified":"2025-03-21T14:00:53","modified_gmt":"2025-03-21T14:00:53","slug":"uddae-uea-divulga-inscricoes-para-curso-ead-de-vigilancia-em-saude-infantil-e-imunizacao-em-contexto-de-emergencia-2","status":"publish","type":"post","link":"https:\/\/uddae.uea.edu.br\/index.php\/2025\/03\/21\/uddae-uea-divulga-inscricoes-para-curso-ead-de-vigilancia-em-saude-infantil-e-imunizacao-em-contexto-de-emergencia-2\/","title":{"rendered":"UDDAE\/UEA divulga inscri\u00e7\u00f5es para curso EaD de Vigil\u00e2ncia em Sa\u00fade Infantil e Imuniza\u00e7\u00e3o em Contexto de Emerg\u00eancia"},"content":{"rendered":"\n<p>\u26a0 A 3\u00aa turma tem o prazo de inscri\u00e7\u00f5es de 21 de mar\u00e7o de 2025 a 28 de mar\u00e7o de 2025<\/p>\n\n\n\n<p>A Unidade de Desenvolvimento Docente e Apoio ao Ensino (UDDAE), da Universidade do Estado do Amazonas (UEA), em parceria com o Fundo das Na\u00e7\u00f5es Unidas para a Inf\u00e2ncia (UNICEF), Governo do Estado do Amazonas, a Sociedade Amazonense de Pediatria e o Conselho de Secret\u00e1rios Municipais de Sa\u00fade do Amazonas (COSEMS-AM), divulga as inscri\u00e7\u00f5es para o Curso de Vigil\u00e2ncia em Sa\u00fade Infantil e Imuniza\u00e7\u00e3o em Contexto de Emerg\u00eancia e Mudan\u00e7as Clim\u00e1ticas no Amazonas (Vigil\u00e2ncia Nutricional).<br>O curso ser\u00e1 ofertado na modalidade Ensino a Dist\u00e2ncia pelo AVA\/UEA.<br>Ser\u00e3o ofertadas vagas para tr\u00eas turmas: Aulas da 3\u00ba Turma Aulas seguem de 31 de mar\u00e7o a 30 de maio de 2025.<\/p>\n\n\n\n<p>INSCRI\u00c7\u00c3O VIA G. FORMS: <a href=\"https:\/\/forms.gle\/3pLNcDrP5cGHM7qb9\">https:\/\/forms.gle\/3pLNcDrP5cGHM7qb9<\/a><\/p>\n\n\n\n<p><\/p>\n","protected":false},"excerpt":{"rendered":"<p>\u26a0 A 3\u00aa turma tem o prazo de inscri\u00e7\u00f5es de 21 de mar\u00e7o de 2025 a 28 de mar\u00e7o de 2025 A Unidade de Desenvolvimento Docente e Apoio ao Ensino (UDDAE), da Universidade do Estado do Amazonas (UEA), em parceria com o Fundo das Na\u00e7\u00f5es Unidas para a Inf\u00e2ncia (UNICEF), Governo do Estado do Amazonas, [&hellip;]<\/p>\n","protected":false},"author":1,"featured_media":1991,"comment_status":"closed","ping_status":"open","sticky":false,"template":"","format":"standard","meta":{"footnotes":""},"categories":[1],"tags":[],"class_list":["post-1989","post","type-post","status-publish","format-standard","has-post-thumbnail","hentry","category-uncategorized"],"_links":{"self":[{"href":"https:\/\/uddae.uea.edu.br\/index.php\/wp-json\/wp\/v2\/posts\/1989","targetHints":{"allow":["GET"]}}],"collection":[{"href":"https:\/\/uddae.uea.edu.br\/index.php\/wp-json\/wp\/v2\/posts"}],"about":[{"href":"https:\/\/uddae.uea.edu.br\/index.php\/wp-json\/wp\/v2\/types\/post"}],"author":[{"embeddable":true,"href":"https:\/\/uddae.uea.edu.br\/index.php\/wp-json\/wp\/v2\/users\/1"}],"replies":[{"embeddable":true,"href":"https:\/\/uddae.uea.edu.br\/index.php\/wp-json\/wp\/v2\/comments?post=1989"}],"version-history":[{"count":1,"href":"https:\/\/uddae.uea.edu.br\/index.php\/wp-json\/wp\/v2\/posts\/1989\/revisions"}],"predecessor-version":[{"id":1992,"href":"https:\/\/uddae.uea.edu.br\/index.php\/wp-json\/wp\/v2\/posts\/1989\/revisions\/1992"}],"wp:featuredmedia":[{"embeddable":true,"href":"https:\/\/uddae.uea.edu.br\/index.php\/wp-json\/wp\/v2\/media\/1991"}],"wp:attachment":[{"href":"https:\/\/uddae.uea.edu.br\/index.php\/wp-json\/wp\/v2\/media?parent=1989"}],"wp:term":[{"taxonomy":"category","embeddable":true,"href":"https:\/\/uddae.uea.edu.br\/index.php\/wp-json\/wp\/v2\/categories?post=1989"},{"taxonomy":"post_tag","embeddable":true,"href":"https:\/\/uddae.uea.edu.br\/index.php\/wp-json\/wp\/v2\/tags?post=1989"}],"curies":[{"name":"wp","href":"https:\/\/api.w.org\/{rel}","templated":true}]}}