{"id":1982,"date":"2025-03-15T18:22:49","date_gmt":"2025-03-15T18:22:49","guid":{"rendered":"https:\/\/uddae.uea.edu.br\/?p=1982"},"modified":"2025-03-15T18:22:51","modified_gmt":"2025-03-15T18:22:51","slug":"iii-mostra-mulheres-que-inspiram-celebra-protagonismo-feminino-na-uea","status":"publish","type":"post","link":"https:\/\/uddae.uea.edu.br\/index.php\/2025\/03\/15\/iii-mostra-mulheres-que-inspiram-celebra-protagonismo-feminino-na-uea\/","title":{"rendered":"III Mostra \u201cMulheres que Inspiram\u201d celebra protagonismo feminino na UEA"},"content":{"rendered":"\n<p>Entre os dias 10 e 14 de mar\u00e7o, a Unidade de Desenvolvimento Docente e Apoio ao Ensino da Universidade do Estado do Amazonas (Uddae\/UEA) abriu espa\u00e7o para a celebra\u00e7\u00e3o da for\u00e7a e do protagonismo feminino com a III Mostra \u201cMulheres que Inspiram\u201d. O evento destacou mulheres not\u00e1veis da Escola Superior de Ci\u00eancias da Sa\u00fade (ESA) e promoveu uma s\u00e9rie de atividades voltadas ao bem-estar e \u00e0 valoriza\u00e7\u00e3o de servidoras e alunas. A iniciativa contou com o apoio da Liga Acad\u00eamica de Aten\u00e7\u00e3o \u00e0 Sa\u00fade da Mulher (LAAISM) e refor\u00e7ou a import\u00e2ncia do reconhecimento feminino no ambiente acad\u00eamico.<\/p>\n\n\n\n<p>O reitor da UEA, Prof. Dr. Andr\u00e9 Zogahib, e a vice-reitora, Prof.\u00aa Dra. K\u00e1tia Couceiro, ressaltam que a mostra reafirma o compromisso da gest\u00e3o superior com valoriza\u00e7\u00e3o feminina no ambiente acad\u00eamico.<\/p>\n\n\n\n<p>\u201cA UEA \u00e9 composta por mulheres brilhantes que desempenham pap\u00e9is essenciais na constru\u00e7\u00e3o do conhecimento, na pesquisa e na transforma\u00e7\u00e3o social. Este evento \u00e9 mais do que uma homenagem; \u00e9 um reconhecimento da for\u00e7a, da dedica\u00e7\u00e3o e da resili\u00eancia das mulheres que contribuem diariamente para o crescimento da nossa universidade\u201d, pontuaram.<\/p>\n\n\n\n<p><\/p>\n\n\n\n<figure class=\"wp-block-image size-large\"><img fetchpriority=\"high\" decoding=\"async\" width=\"1024\" height=\"768\" src=\"https:\/\/uddae.uea.edu.br\/wp-content\/uploads\/2025\/03\/WhatsApp-Image-2025-03-15-at-10.29.07-1-1024x768.jpeg\" alt=\"\" class=\"wp-image-1984\" srcset=\"https:\/\/uddae.uea.edu.br\/wp-content\/uploads\/2025\/03\/WhatsApp-Image-2025-03-15-at-10.29.07-1-1024x768.jpeg 1024w, https:\/\/uddae.uea.edu.br\/wp-content\/uploads\/2025\/03\/WhatsApp-Image-2025-03-15-at-10.29.07-1-300x225.jpeg 300w, https:\/\/uddae.uea.edu.br\/wp-content\/uploads\/2025\/03\/WhatsApp-Image-2025-03-15-at-10.29.07-1-768x576.jpeg 768w, https:\/\/uddae.uea.edu.br\/wp-content\/uploads\/2025\/03\/WhatsApp-Image-2025-03-15-at-10.29.07-1-1536x1152.jpeg 1536w, https:\/\/uddae.uea.edu.br\/wp-content\/uploads\/2025\/03\/WhatsApp-Image-2025-03-15-at-10.29.07-1-2048x1536.jpeg 2048w, https:\/\/uddae.uea.edu.br\/wp-content\/uploads\/2025\/03\/WhatsApp-Image-2025-03-15-at-10.29.07-1-600x450.jpeg 600w\" sizes=\"(max-width: 1024px) 100vw, 1024px\" \/><\/figure>\n\n\n\n<p><\/p>\n\n\n\n<p>O m\u00eas de mar\u00e7o \u00e9 amplamente reconhecido como um per\u00edodo de reflex\u00e3o e reconhecimento da luta das mulheres por igualdade e direitos. Nesse contexto, a Mostra se consolidou como um espa\u00e7o de homenagem e incentivo \u00e0s mulheres que fazem a diferen\u00e7a na UEA, desde as servidoras at\u00e9 as alunas, que contribuem diariamente para o avan\u00e7o acad\u00eamico e profissional na institui\u00e7\u00e3o.<\/p>\n\n\n\n<p>A coordenadora pedag\u00f3gica da Uddae\/UEA, Prof.\u00aa Dra. C\u00e1ssia Roz\u00e1ria, em nome da coordenadora da unidade, Prof.\u00aa Dra. Adriana Taveira, afirma que o apoio da gest\u00e3o superior tem sido indispens\u00e1vel para a realiza\u00e7\u00e3o de iniciativas que visam o bem-estar da comunidade acad\u00eamica. \u201cHoje, nesses dias t\u00e3o corridos, com tantas demandas que a mulher assumiu como lideran\u00e7a, a Mostra vem trazer essa signific\u00e2ncia de que ela precisa se cuidar, f\u00edsica e mentalmente, e ter um momento de autocuidado mesmo. A mulher pode, com isso, autopromover um momento de reflex\u00e3o tamb\u00e9m para se olhar, inserir isso no seu dia a dia, nas suas tarefas, numa rotina semanal, e com isso melhorar tamb\u00e9m sua qualidade de vida\u201d, destacou a professora.<\/p>\n\n\n\n<p>Durante o evento, que contou com o apoio da Funda\u00e7\u00e3o Matias Machline, Foto Nascimento e esteticista F\u00e1tima Ayres, foram promovidas diversas atividades voltadas \u00e0 sa\u00fade e bem-estar, refor\u00e7ando a import\u00e2ncia do autocuidado e da qualidade de vida. A programa\u00e7\u00e3o do dia 14 de mar\u00e7o foi especialmente dedicada a essas pr\u00e1ticas, com sess\u00f5es de HIIT e Zumba para promover a energia e o movimento, auriculoterapia para equil\u00edbrio e bem-estar, avalia\u00e7\u00e3o de pele para cuidados personalizados, libera\u00e7\u00e3o miofacial para al\u00edvio de tens\u00f5es e teste ergom\u00e9trico para avalia\u00e7\u00e3o cardiovascular.<\/p>\n\n\n\n<p>A colaboradora da Uddae\/UEA e uma das idealizadoras da mostra, Prof.\u00aa Me. Maria Prata, explica que a iniciativa surgiu da necessidade de promover sa\u00fade e bem-estar \u00e0s mulheres da universidade. \u201cNada mais justo do que a homenagem essas mulheres, mostrando seu valor, sua potencialidade dentro desse nosso mundo. Esse ano n\u00f3s optamos por fazer um dia de bem-estar, oferecer maquiagem, massagem, entre outros servi\u00e7os. Algumas delas est\u00e3o atualizando a foto do seu curr\u00edculo Lattes, um documento importante para n\u00f3s da academia\u201d, disse.<\/p>\n\n\n\n<p>As participantes puderam usufruir de recursos terap\u00eauticos manuais, como massagens relaxantes, manobras corporais e exerc\u00edcios voltados \u00e0s necessidades do corpo e da mente. Um dos momentos foi a sess\u00e3o fotogr\u00e1fica, realizada pela Prof.\u00aa Dra. Vilma Melo, que registrou a beleza e a for\u00e7a das mulheres presentes, refor\u00e7ando sua autoimagem e autoestima.<\/p>\n\n\n\n<p><\/p>\n\n\n\n<figure class=\"wp-block-image size-large\"><img decoding=\"async\" width=\"1024\" height=\"768\" src=\"https:\/\/uddae.uea.edu.br\/wp-content\/uploads\/2025\/03\/WhatsApp-Image-2025-03-15-at-10.29.08-1-1024x768.jpeg\" alt=\"\" class=\"wp-image-1986\" srcset=\"https:\/\/uddae.uea.edu.br\/wp-content\/uploads\/2025\/03\/WhatsApp-Image-2025-03-15-at-10.29.08-1-1024x768.jpeg 1024w, https:\/\/uddae.uea.edu.br\/wp-content\/uploads\/2025\/03\/WhatsApp-Image-2025-03-15-at-10.29.08-1-300x225.jpeg 300w, https:\/\/uddae.uea.edu.br\/wp-content\/uploads\/2025\/03\/WhatsApp-Image-2025-03-15-at-10.29.08-1-768x576.jpeg 768w, https:\/\/uddae.uea.edu.br\/wp-content\/uploads\/2025\/03\/WhatsApp-Image-2025-03-15-at-10.29.08-1-1536x1152.jpeg 1536w, https:\/\/uddae.uea.edu.br\/wp-content\/uploads\/2025\/03\/WhatsApp-Image-2025-03-15-at-10.29.08-1-2048x1536.jpeg 2048w, https:\/\/uddae.uea.edu.br\/wp-content\/uploads\/2025\/03\/WhatsApp-Image-2025-03-15-at-10.29.08-1-600x450.jpeg 600w\" sizes=\"(max-width: 1024px) 100vw, 1024px\" \/><\/figure>\n\n\n\n<p><\/p>\n\n\n\n<p>Valoriza\u00e7\u00e3o feminina<\/p>\n\n\n\n<p>A III Mostra \u201cMulheres que Inspiram\u201d reafirma o compromisso da UEA com a valoriza\u00e7\u00e3o feminina e a cria\u00e7\u00e3o de um ambiente acad\u00eamico cada vez mais igualit\u00e1rio e inclusivo. A institui\u00e7\u00e3o reconhece o papel essencial desempenhado pelas mulheres na educa\u00e7\u00e3o, na pesquisa e na sociedade, e continua a promover iniciativas que celebrem sua presen\u00e7a e suas conquistas.<\/p>\n\n\n\n<p>Segundo a aluna do 9\u00b0 per\u00edodo de Enfermagem Let\u00edcia Mena a experi\u00eancia do evento \u00e9 extremamente importante para a valoriza\u00e7\u00e3o das mulheres. \u201c\u00c9 fundamental conseguirmos compartilhar hist\u00f3rias de mulheres inspiradoras aqui na universidade. S\u00e3o mulheres com trajet\u00f3rias fortes como profissionais e como cidad\u00e3s. Para as alunas, al\u00e9m de participar, \u00e9 essencial que elas possam se ver nessas pessoas e t\u00ea-las como refer\u00eancia. As professoras da ESA nos d\u00e3o for\u00e7a para continuar, na \u00e1rea da pesquisa, da extens\u00e3o, servindo como um incentivo di\u00e1rio\u201d, completou.<\/p>\n","protected":false},"excerpt":{"rendered":"<p>Entre os dias 10 e 14 de mar\u00e7o, a Unidade de Desenvolvimento Docente e Apoio ao Ensino da Universidade do Estado do Amazonas (Uddae\/UEA) abriu espa\u00e7o para a celebra\u00e7\u00e3o da for\u00e7a e do protagonismo feminino com a III Mostra \u201cMulheres que Inspiram\u201d. O evento destacou mulheres not\u00e1veis da Escola Superior de Ci\u00eancias da Sa\u00fade (ESA) [&hellip;]<\/p>\n","protected":false},"author":1,"featured_media":1983,"comment_status":"closed","ping_status":"open","sticky":false,"template":"","format":"standard","meta":{"footnotes":""},"categories":[1],"tags":[],"class_list":["post-1982","post","type-post","status-publish","format-standard","has-post-thumbnail","hentry","category-uncategorized"],"_links":{"self":[{"href":"https:\/\/uddae.uea.edu.br\/index.php\/wp-json\/wp\/v2\/posts\/1982","targetHints":{"allow":["GET"]}}],"collection":[{"href":"https:\/\/uddae.uea.edu.br\/index.php\/wp-json\/wp\/v2\/posts"}],"about":[{"href":"https:\/\/uddae.uea.edu.br\/index.php\/wp-json\/wp\/v2\/types\/post"}],"author":[{"embeddable":true,"href":"https:\/\/uddae.uea.edu.br\/index.php\/wp-json\/wp\/v2\/users\/1"}],"replies":[{"embeddable":true,"href":"https:\/\/uddae.uea.edu.br\/index.php\/wp-json\/wp\/v2\/comments?post=1982"}],"version-history":[{"count":1,"href":"https:\/\/uddae.uea.edu.br\/index.php\/wp-json\/wp\/v2\/posts\/1982\/revisions"}],"predecessor-version":[{"id":1987,"href":"https:\/\/uddae.uea.edu.br\/index.php\/wp-json\/wp\/v2\/posts\/1982\/revisions\/1987"}],"wp:featuredmedia":[{"embeddable":true,"href":"https:\/\/uddae.uea.edu.br\/index.php\/wp-json\/wp\/v2\/media\/1983"}],"wp:attachment":[{"href":"https:\/\/uddae.uea.edu.br\/index.php\/wp-json\/wp\/v2\/media?parent=1982"}],"wp:term":[{"taxonomy":"category","embeddable":true,"href":"https:\/\/uddae.uea.edu.br\/index.php\/wp-json\/wp\/v2\/categories?post=1982"},{"taxonomy":"post_tag","embeddable":true,"href":"https:\/\/uddae.uea.edu.br\/index.php\/wp-json\/wp\/v2\/tags?post=1982"}],"curies":[{"name":"wp","href":"https:\/\/api.w.org\/{rel}","templated":true}]}}