{"id":1923,"date":"2025-02-06T17:02:03","date_gmt":"2025-02-06T17:02:03","guid":{"rendered":"https:\/\/uddae.uea.edu.br\/?p=1923"},"modified":"2025-02-06T18:34:08","modified_gmt":"2025-02-06T18:34:08","slug":"uddae-uea-e-instituicoes-parceiras-visitam-comunidade-rural-para-fortalecer-dialogo-e-identificar-demandas-locais","status":"publish","type":"post","link":"https:\/\/uddae.uea.edu.br\/index.php\/2025\/02\/06\/uddae-uea-e-instituicoes-parceiras-visitam-comunidade-rural-para-fortalecer-dialogo-e-identificar-demandas-locais\/","title":{"rendered":"Uddae\/UEA e institui\u00e7\u00f5es parceiras visitam comunidade rural para fortalecer di\u00e1logo e identificar demandas locais"},"content":{"rendered":"\n<p>A visita permitiu que a equipe pudesse conhecer a infraestrutura do local, e realizar testes de conectividade e log\u00edstica visando a implementa\u00e7\u00e3o de futuros projetos<\/p>\n\n\n\n<p>A equipe da Unidade de Desenvolvimento Docente e Apoio ao Ensino da Universidade do Estado do Amazonas (Uddae\/UEA) realizou, nesta ter\u00e7a-feira (4\/2), uma visita \u00e0 comunidade rural S\u00e3o Francisco do Caramur\u00ed, localizada na divisa entre os munic\u00edpios de Manaus, Itacoatiara e Rio Preto da Eva. A a\u00e7\u00e3o foi promovida em parceria com outras institui\u00e7\u00f5es e contou com a participa\u00e7\u00e3o de representantes do Corpo de Bombeiros, da Defesa Civil, da Funda\u00e7\u00e3o Amaz\u00f4nia Sustent\u00e1vel (FAS) e da Secretaria Municipal de Sa\u00fade (Semsa).<\/p>\n\n\n\n<p>O objetivo da iniciativa foi iniciar o di\u00e1logo com os moradores, compreender suas necessidades e mapear demandas priorit\u00e1rias, especialmente nas \u00e1reas de sa\u00fade, seguran\u00e7a e desenvolvimento local. Durante a visita, a equipe da Uddae\/Telessa\u00fade UEA teve a oportunidade de conhecer a realidade da comunidade, identificar desafios enfrentados pelos moradores e discutir poss\u00edveis estrat\u00e9gias para melhorias nos servi\u00e7os essenciais.<\/p>\n\n\n\n<figure class=\"wp-block-image size-large\"><img fetchpriority=\"high\" decoding=\"async\" width=\"1024\" height=\"683\" src=\"http:\/\/uddae.uea.edu.br\/wp-content\/uploads\/2025\/02\/Sem-titulo-161-1024x683.jpg\" alt=\"\" class=\"wp-image-1927\" srcset=\"https:\/\/uddae.uea.edu.br\/wp-content\/uploads\/2025\/02\/Sem-titulo-161-1024x683.jpg 1024w, https:\/\/uddae.uea.edu.br\/wp-content\/uploads\/2025\/02\/Sem-titulo-161-300x200.jpg 300w, https:\/\/uddae.uea.edu.br\/wp-content\/uploads\/2025\/02\/Sem-titulo-161-768x512.jpg 768w, https:\/\/uddae.uea.edu.br\/wp-content\/uploads\/2025\/02\/Sem-titulo-161-1536x1024.jpg 1536w, https:\/\/uddae.uea.edu.br\/wp-content\/uploads\/2025\/02\/Sem-titulo-161-2048x1365.jpg 2048w\" sizes=\"(max-width: 1024px) 100vw, 1024px\" \/><\/figure>\n\n\n\n<p>Al\u00e9m disso, a atividade possibilitou a troca de conhecimentos entre os representantes das institui\u00e7\u00f5es envolvidas e a comunidade, promovendo a articula\u00e7\u00e3o de a\u00e7\u00f5es conjuntas para aprimorar a qualidade de vida da popula\u00e7\u00e3o local. A UEA esteve presente com a equipe multidisciplinar da Uddae\/TelessaudeUEA composta por t\u00e9cnicos, professores da sa\u00fade, e egressos.<\/p>\n\n\n\n<p>A a\u00e7\u00e3o aconteceu a convite do presidente da comunidade e assistente social Daniel Leandro. Segundo a coordenadora da Uddae\/UEA, Prof.\u00aa Dra. Adriana Taveira, a visita permitiu que a equipe pudesse conhecer a infraestrutura do local, realizar testes de conectividade e log\u00edstica visando a implementa\u00e7\u00e3o de futuros projetos.<\/p>\n\n\n\n<p>\u201cA visita da Uddae\/Telessaude UEA \u00e0 Comunidade S\u00e3o Francisco do Caramur\u00ed foi muito rica. A UEA, com o apoio do reitor Andr\u00e9 Zogahib e da vice-reitora K\u00e1tia Couceiro, mais uma vez protagonizando e apoiando as iniciativas locais quanto \u00e0 melhoria do acesso \u00e0 sa\u00fade por meio da tecnologia com a Telessa\u00fade UEA, al\u00e9m de promover iniciativas de projetos e parcerias para com o cuidado integral da popula\u00e7\u00e3o ribeirinha, rural e amaz\u00f4nida\u201d, disse a Prof.\u00aa Dra. Adriana Taveira.<\/p>\n\n\n\n<figure class=\"wp-block-image size-large\"><img decoding=\"async\" width=\"1024\" height=\"683\" src=\"http:\/\/uddae.uea.edu.br\/wp-content\/uploads\/2025\/02\/Sem-titulo-156-1-1024x683.jpg\" alt=\"\" class=\"wp-image-1931\" srcset=\"https:\/\/uddae.uea.edu.br\/wp-content\/uploads\/2025\/02\/Sem-titulo-156-1-1024x683.jpg 1024w, https:\/\/uddae.uea.edu.br\/wp-content\/uploads\/2025\/02\/Sem-titulo-156-1-300x200.jpg 300w, https:\/\/uddae.uea.edu.br\/wp-content\/uploads\/2025\/02\/Sem-titulo-156-1-768x512.jpg 768w, https:\/\/uddae.uea.edu.br\/wp-content\/uploads\/2025\/02\/Sem-titulo-156-1-1536x1024.jpg 1536w, https:\/\/uddae.uea.edu.br\/wp-content\/uploads\/2025\/02\/Sem-titulo-156-1-2048x1365.jpg 2048w, https:\/\/uddae.uea.edu.br\/wp-content\/uploads\/2025\/02\/Sem-titulo-156-1-600x400.jpg 600w\" sizes=\"(max-width: 1024px) 100vw, 1024px\" \/><\/figure>\n\n\n\n<p>\u201cA atividade foi um momento hist\u00f3rico para a a comunidade, representando um grande avan\u00e7o na aten\u00e7\u00e3o b\u00e1sica e utilizando a tecnologia a favor da qualidade de vida, do bem-estar da popula\u00e7\u00e3o local. Um projeto que se torna real, vi\u00e1vel, e a parceria da UEA foi fundamental para esse grande movimento, onde a comunidade ganhar\u00e1 uma estrutura de telessa\u00fade com a consolida\u00e7\u00e3o do projeto e outros benef\u00edcios que estar\u00e3o agregados a tudo isso, facilitando e otimizando o tempo, n\u00e3o s\u00f3 para os profissionais de sa\u00fade, mas especialmente para o comunit\u00e1rio\u201d, pontuou o presidente da comunidade, Daniel Leandro.<\/p>\n\n\n\n<p>Parcerias<\/p>\n\n\n\n<p>\u201cAtuar em prol do acesso \u00e0 sa\u00fade p\u00fablica e de qualidade para as popula\u00e7\u00f5es ribeirinhas na regi\u00e3o Amaz\u00f4nica \u00e9 desafiador. \u00c9 importante ver a uni\u00e3o de esfor\u00e7os da comunidade local, do poder p\u00fablico, com a representa\u00e7\u00e3o da Semsa Manaus, da Universidade do Estado do Amazonas e do terceiro setor, por meio da FAS. A atua\u00e7\u00e3o em rede tende a propiciar resultados mais r\u00e1pidos e que ir\u00e3o se consolidar como algo cont\u00ednuo ou mais presente na vida das pessoas. N\u00f3s, da FAS, esperamos ver consolidado na Comunidade de S\u00e3o Francisco de Caramuri uma parceria que poder\u00e1 servir de modelo para as a\u00e7\u00f5es de sa\u00fade na zona rural ribeirinha de Manaus\u201d, explicou a gerente do Programa Sa\u00fade na Floresta da FAS, Mickela Costa.<\/p>\n\n\n\n<p>O gerente da Telessa\u00fade da Semsa, Lindinaldo Santos, afirmou: \u201cA Semsa vem, desde 2020, implementado solu\u00e7\u00f5es digitais para o acompanhamento de profissionais de sa\u00fade a dist\u00e2ncia. Gradativamente, esse servi\u00e7o vem sendo adequado para o modelo de Telessa\u00fade. Um piloto de atendimento \u00e0s popula\u00e7\u00f5es vem sendo desenvolvido e pretende atender \u00e0s comunidades rurais, especialmente aquelas mais isoladas e com maior dificuldade de acesso a servi\u00e7os especializados. A visita \u00e0 comunidade nos permitiu conhecer aquela realidade, e discutir com a comunidades as possibilidades de sua implanta\u00e7\u00e3o, em parceria com outras institui\u00e7\u00f5es\u201d, comentou.<\/p>\n\n\n\n<figure class=\"wp-block-image size-full\"><img decoding=\"async\" src=\"http:\/\/uddae.uea.edu.br\/wp-content\/uploads\/2025\/02\/Sem-titulo-157.jpg\" alt=\"\" class=\"wp-image-1926\"\/><\/figure>\n\n\n\n<figure class=\"wp-block-image size-full\"><img decoding=\"async\" src=\"http:\/\/uddae.uea.edu.br\/wp-content\/uploads\/2025\/02\/Sem-titulo-164.jpg\" alt=\"\" class=\"wp-image-1932\"\/><\/figure>\n\n\n\n<figure class=\"wp-block-image size-large\"><img decoding=\"async\" width=\"1024\" height=\"683\" src=\"http:\/\/uddae.uea.edu.br\/wp-content\/uploads\/2025\/02\/Sem-titulo-160-1024x683.jpg\" alt=\"\" class=\"wp-image-1929\" srcset=\"https:\/\/uddae.uea.edu.br\/wp-content\/uploads\/2025\/02\/Sem-titulo-160-1024x683.jpg 1024w, https:\/\/uddae.uea.edu.br\/wp-content\/uploads\/2025\/02\/Sem-titulo-160-300x200.jpg 300w, https:\/\/uddae.uea.edu.br\/wp-content\/uploads\/2025\/02\/Sem-titulo-160-768x512.jpg 768w, https:\/\/uddae.uea.edu.br\/wp-content\/uploads\/2025\/02\/Sem-titulo-160-1536x1024.jpg 1536w, https:\/\/uddae.uea.edu.br\/wp-content\/uploads\/2025\/02\/Sem-titulo-160-2048x1365.jpg 2048w, https:\/\/uddae.uea.edu.br\/wp-content\/uploads\/2025\/02\/Sem-titulo-160-600x400.jpg 600w\" sizes=\"(max-width: 1024px) 100vw, 1024px\" \/><\/figure>\n","protected":false},"excerpt":{"rendered":"<p>A visita permitiu que a equipe pudesse conhecer a infraestrutura do local, e realizar testes de conectividade e log\u00edstica visando a implementa\u00e7\u00e3o de futuros projetos A equipe da Unidade de Desenvolvimento Docente e Apoio ao Ensino da Universidade do Estado do Amazonas (Uddae\/UEA) realizou, nesta ter\u00e7a-feira (4\/2), uma visita \u00e0 comunidade rural S\u00e3o Francisco do [&hellip;]<\/p>\n","protected":false},"author":1,"featured_media":1924,"comment_status":"closed","ping_status":"open","sticky":false,"template":"","format":"standard","meta":{"footnotes":""},"categories":[1],"tags":[],"class_list":["post-1923","post","type-post","status-publish","format-standard","has-post-thumbnail","hentry","category-uncategorized"],"_links":{"self":[{"href":"https:\/\/uddae.uea.edu.br\/index.php\/wp-json\/wp\/v2\/posts\/1923","targetHints":{"allow":["GET"]}}],"collection":[{"href":"https:\/\/uddae.uea.edu.br\/index.php\/wp-json\/wp\/v2\/posts"}],"about":[{"href":"https:\/\/uddae.uea.edu.br\/index.php\/wp-json\/wp\/v2\/types\/post"}],"author":[{"embeddable":true,"href":"https:\/\/uddae.uea.edu.br\/index.php\/wp-json\/wp\/v2\/users\/1"}],"replies":[{"embeddable":true,"href":"https:\/\/uddae.uea.edu.br\/index.php\/wp-json\/wp\/v2\/comments?post=1923"}],"version-history":[{"count":5,"href":"https:\/\/uddae.uea.edu.br\/index.php\/wp-json\/wp\/v2\/posts\/1923\/revisions"}],"predecessor-version":[{"id":1935,"href":"https:\/\/uddae.uea.edu.br\/index.php\/wp-json\/wp\/v2\/posts\/1923\/revisions\/1935"}],"wp:featuredmedia":[{"embeddable":true,"href":"https:\/\/uddae.uea.edu.br\/index.php\/wp-json\/wp\/v2\/media\/1924"}],"wp:attachment":[{"href":"https:\/\/uddae.uea.edu.br\/index.php\/wp-json\/wp\/v2\/media?parent=1923"}],"wp:term":[{"taxonomy":"category","embeddable":true,"href":"https:\/\/uddae.uea.edu.br\/index.php\/wp-json\/wp\/v2\/categories?post=1923"},{"taxonomy":"post_tag","embeddable":true,"href":"https:\/\/uddae.uea.edu.br\/index.php\/wp-json\/wp\/v2\/tags?post=1923"}],"curies":[{"name":"wp","href":"https:\/\/api.w.org\/{rel}","templated":true}]}}