{"id":1911,"date":"2024-12-24T14:25:12","date_gmt":"2024-12-24T14:25:12","guid":{"rendered":"https:\/\/uddae.uea.edu.br\/?p=1911"},"modified":"2024-12-24T14:25:13","modified_gmt":"2024-12-24T14:25:13","slug":"x-mostra-de-fotografia-da-esa-uea-estimula-a-criatividade-e-o-senso-artistico-entre-alunos-da-area-da-saude","status":"publish","type":"post","link":"https:\/\/uddae.uea.edu.br\/index.php\/2024\/12\/24\/x-mostra-de-fotografia-da-esa-uea-estimula-a-criatividade-e-o-senso-artistico-entre-alunos-da-area-da-saude\/","title":{"rendered":"X Mostra de Fotografia da ESA\/UEA estimula a criatividade e o senso art\u00edstico entre alunos da \u00e1rea da sa\u00fade"},"content":{"rendered":"\n<p>A Escola Superior de Ci\u00eancias da Sa\u00fade da Universidade do Estado do Amazonas (ESA\/UEA) transformou o hall da unidade em um verdadeiro palco de contempla\u00e7\u00e3o e arte ao realizar, entre os dias 10 e 13 de dezembro, a X Mostra de Fotografia. Nesta edi\u00e7\u00e3o, o evento mergulhou no universo po\u00e9tico da \u201cFotografia Contemplativa\u201d, uma abordagem sens\u00edvel e inspiradora que convida o observador a desacelerar o ritmo e se perder na beleza serena dos detalhes capturados pelas lentes.<\/p>\n\n\n\n<p>A exposi\u00e7\u00e3o, coordenada pela Prof.\u00aa Dra. Vilma Melo, faz parte da disciplina de Fotografia Digital B\u00e1sica da ESA\/UEA. Os alunos dos cursos de Odontologia, Medicina e Enfermagem participam diretamente da organiza\u00e7\u00e3o do evento. As imagens expostas n\u00e3o apenas revelam olhares \u00fanicos, mas tamb\u00e9m despertam a reflex\u00e3o, a harmonia e a conex\u00e3o com o mundo ao nosso redor.<\/p>\n\n\n\n<p>Criada em 2014, a iniciativa \u00e9 realizada semestralmente. Chegando \u00e0 d\u00e9cima edi\u00e7\u00e3o, a Mostra de Fotografia consolida-se como um evento de destaque e sucesso na unidade acad\u00eamica. A exposi\u00e7\u00e3o coloca em pr\u00e1tica t\u00e9cnicas fotogr\u00e1ficas com uso de smartphones, a fim de desenvolver atividades l\u00fadicas e estimular a criatividade, aplicando as no\u00e7\u00f5es b\u00e1sicas para o registro, como enquadramento, foco e ilumina\u00e7\u00e3o.<\/p>\n\n\n\n<p>Engajamento de discentes e docentes com a tem\u00e1tica<br>A realiza\u00e7\u00e3o da mostra proporcionou o contato direto de alunos com a fotografia contemplativa, criando reflex\u00f5es e a maior percep\u00e7\u00e3o de detalhes entre os participantes. \u00c9 o que revela a discente Clayssa Nadiny. \u201cCursar a disciplina foi uma experi\u00eancia encantadora e enriquecedora para mim como estudante. A cada aula, descobri novos olhares e possibilidades para expressar a criatividade atrav\u00e9s das lentes. Os pontos de intercess\u00e3o, por exemplo, abriram meus olhos para como a composi\u00e7\u00e3o pode transformar uma imagem comum em algo \u00fanico e harm\u00f4nico. A fotografia contemplativa, por sua vez, me ensinou a desacelerar e a perceber a beleza nos detalhes mais sutis do mundo ao meu redor.\u201d<\/p>\n\n\n\n<p>&#8220;A culmina\u00e7\u00e3o do aprendizado foi a exposi\u00e7\u00e3o fotogr\u00e1fica, que representou um marco importante. Foi emocionante compartilhar nosso trabalho e perceber como cada imagem carrega uma parte de quem somos e do que aprendemos. A exposi\u00e7\u00e3o foi um momento especial, que ficar\u00e1 guardado com carinho! Gostaria de expressar minha imensa gratid\u00e3o por cada aprendizado que tive ao longo da disciplina\u201d, finalizou.<\/p>\n\n\n\n<p>Docentes da unidade tamb\u00e9m prestigiaram a exposi\u00e7\u00e3o. A Prof.\u00aa Dra. Ang\u00eala Xavier, do curso de Odontologia, explica que a fotografia \u00e9 uma arte que possibilita aos alunos capturarem momentos do cotidiano ou da sociedade, meio ambiente, trazendo o olhar de cada um.<\/p>\n\n\n\n<p>\u201cAcredito que a fotografia permite uma conex\u00e3o com o mundo ao seu redor em diversos aspectos, sociais, educativas e inclusive pode contribuir no desenvolvimento de trabalhos acad\u00eamicos dos alunos e docentes possibilitando trazer uma forma adicional de registro dos caminhos percorridos\u201d, pontuou.<\/p>\n\n\n\n<p>A Mostra contou com o apoio da Unidade de Desenvolvimento Docente e Apoio ao Ensino (UDDAE). Segundo a coordenadora da UDDAE, Prof.\u00aa Dra. Adriana Taveira, a fotografia contemplativa nos permite um momento de pausa, um momento de conex\u00e3o conosco mesmos.<\/p>\n\n\n\n<p>\u201cTrazer essa experi\u00eancia para dentro da universidade \u00e9 enriquecedor. No caso dos cursos da \u00e1rea da sa\u00fade, por exemplo, iniciativas como essa ajudam a formar profissionais mais tranquilos, seguros e preparados para os desafios da vida moderna. A fotografia, aqui, n\u00e3o \u00e9 apenas uma express\u00e3o art\u00edstica, mas tamb\u00e9m uma ferramenta de bem-estar e autoconhecimento\u201d, disse.<\/p>\n\n\n\n<p>Aprendizado<br>Segundo a coordenadora, Prof.\u00aa Dra. Vilma Melo, a disciplina busca promover conhecimento b\u00e1sico em fotografia e imagens em geral, uma vez que elas est\u00e3o, cada vez mais, sendo usadas em plataformas de sa\u00fade, consultorias, telessa\u00fade, entre outros.<\/p>\n\n\n\n<p>A discente Aysha Cabral, do curso de Odontologia, afirma que cada foto transmite uma emo\u00e7\u00e3o diferente. \u201cAs cores contagiam. S\u00e3o fotos vibrantes, alegres e muito interessantes. \u00c9 poss\u00edvel ver o ponto de vista de cada aluno. A fotografia que me chamou mais a aten\u00e7\u00e3o foi a foto do corredor da UEA, que \u00e9 um cen\u00e1rio que faz parte do nosso cotidiano\u201d explicou.<\/p>\n","protected":false},"excerpt":{"rendered":"<p>A Escola Superior de Ci\u00eancias da Sa\u00fade da Universidade do Estado do Amazonas (ESA\/UEA) transformou o hall da unidade em um verdadeiro palco de contempla\u00e7\u00e3o e arte ao realizar, entre os dias 10 e 13 de dezembro, a X Mostra de Fotografia. Nesta edi\u00e7\u00e3o, o evento mergulhou no universo po\u00e9tico da \u201cFotografia Contemplativa\u201d, uma abordagem [&hellip;]<\/p>\n","protected":false},"author":1,"featured_media":1912,"comment_status":"closed","ping_status":"open","sticky":false,"template":"","format":"standard","meta":{"footnotes":""},"categories":[1],"tags":[],"class_list":["post-1911","post","type-post","status-publish","format-standard","has-post-thumbnail","hentry","category-uncategorized"],"_links":{"self":[{"href":"https:\/\/uddae.uea.edu.br\/index.php\/wp-json\/wp\/v2\/posts\/1911","targetHints":{"allow":["GET"]}}],"collection":[{"href":"https:\/\/uddae.uea.edu.br\/index.php\/wp-json\/wp\/v2\/posts"}],"about":[{"href":"https:\/\/uddae.uea.edu.br\/index.php\/wp-json\/wp\/v2\/types\/post"}],"author":[{"embeddable":true,"href":"https:\/\/uddae.uea.edu.br\/index.php\/wp-json\/wp\/v2\/users\/1"}],"replies":[{"embeddable":true,"href":"https:\/\/uddae.uea.edu.br\/index.php\/wp-json\/wp\/v2\/comments?post=1911"}],"version-history":[{"count":1,"href":"https:\/\/uddae.uea.edu.br\/index.php\/wp-json\/wp\/v2\/posts\/1911\/revisions"}],"predecessor-version":[{"id":1913,"href":"https:\/\/uddae.uea.edu.br\/index.php\/wp-json\/wp\/v2\/posts\/1911\/revisions\/1913"}],"wp:featuredmedia":[{"embeddable":true,"href":"https:\/\/uddae.uea.edu.br\/index.php\/wp-json\/wp\/v2\/media\/1912"}],"wp:attachment":[{"href":"https:\/\/uddae.uea.edu.br\/index.php\/wp-json\/wp\/v2\/media?parent=1911"}],"wp:term":[{"taxonomy":"category","embeddable":true,"href":"https:\/\/uddae.uea.edu.br\/index.php\/wp-json\/wp\/v2\/categories?post=1911"},{"taxonomy":"post_tag","embeddable":true,"href":"https:\/\/uddae.uea.edu.br\/index.php\/wp-json\/wp\/v2\/tags?post=1911"}],"curies":[{"name":"wp","href":"https:\/\/api.w.org\/{rel}","templated":true}]}}