{"id":1775,"date":"2024-10-01T20:45:14","date_gmt":"2024-10-01T20:45:14","guid":{"rendered":"https:\/\/uddae.uea.edu.br\/?p=1775"},"modified":"2024-10-01T20:56:10","modified_gmt":"2024-10-01T20:56:10","slug":"1775","status":"publish","type":"post","link":"https:\/\/uddae.uea.edu.br\/index.php\/2024\/10\/01\/1775\/","title":{"rendered":"Web palestra: Igualdade Racial e \u00c9tnica"},"content":{"rendered":"\n<p>Nesta quarta-feira, teremos mais uma web<br>palestra.<\/p>\n\n\n\n<p>N\u00e3o perca essa oportunidade \u00fanica de aprendizado!<br>\ud83d\uddd3\ufe0f Data: 2\/10<br>\u23f0 \u00c0s 9h, no hor\u00e1rio de Manaus<\/p>\n\n\n\n<p>\ud83d\udccc Tema: Igualdade Racial e \u00c9tnica<br>\ud83d\udc69\u200d\ud83c\udfeb Palestrante: assistente social Priscila Thayane de Carvalho Silva, do Instituto Federal de Educa\u00e7\u00e3o, Ci\u00eancia e Tecnologia do Amazonas (Ifam)<\/p>\n\n\n\n<p>Ficou interessado? Assista por meio de nossos canais:<\/p>\n\n\n\n<p>\ud83d\udcbbYoutube: https:\/\/www.youtube.com\/@UDDAE_UEA\/streams<br>\ud83d\udcfa IPTV: telessaude-uea<\/p>\n\n\n\n<figure class=\"wp-block-image size-large\"><img fetchpriority=\"high\" decoding=\"async\" width=\"1024\" height=\"1024\" src=\"https:\/\/uddae.uea.edu.br\/wp-content\/uploads\/2024\/10\/WhatsApp-Image-2024-10-01-at-10.30.09-1024x1024.jpeg\" alt=\"\" class=\"wp-image-1781\" srcset=\"https:\/\/uddae.uea.edu.br\/wp-content\/uploads\/2024\/10\/WhatsApp-Image-2024-10-01-at-10.30.09-1024x1024.jpeg 1024w, https:\/\/uddae.uea.edu.br\/wp-content\/uploads\/2024\/10\/WhatsApp-Image-2024-10-01-at-10.30.09-300x300.jpeg 300w, https:\/\/uddae.uea.edu.br\/wp-content\/uploads\/2024\/10\/WhatsApp-Image-2024-10-01-at-10.30.09-150x150.jpeg 150w, https:\/\/uddae.uea.edu.br\/wp-content\/uploads\/2024\/10\/WhatsApp-Image-2024-10-01-at-10.30.09-768x768.jpeg 768w, https:\/\/uddae.uea.edu.br\/wp-content\/uploads\/2024\/10\/WhatsApp-Image-2024-10-01-at-10.30.09-230x230.jpeg 230w, https:\/\/uddae.uea.edu.br\/wp-content\/uploads\/2024\/10\/WhatsApp-Image-2024-10-01-at-10.30.09-400x400.jpeg 400w, https:\/\/uddae.uea.edu.br\/wp-content\/uploads\/2024\/10\/WhatsApp-Image-2024-10-01-at-10.30.09-600x600.jpeg 600w, https:\/\/uddae.uea.edu.br\/wp-content\/uploads\/2024\/10\/WhatsApp-Image-2024-10-01-at-10.30.09-640x640.jpeg 640w, https:\/\/uddae.uea.edu.br\/wp-content\/uploads\/2024\/10\/WhatsApp-Image-2024-10-01-at-10.30.09.jpeg 1080w\" sizes=\"(max-width: 1024px) 100vw, 1024px\" \/><\/figure>\n","protected":false},"excerpt":{"rendered":"<p>Nesta quarta-feira, teremos mais uma webpalestra. N\u00e3o perca essa oportunidade \u00fanica de aprendizado!\ud83d\uddd3\ufe0f Data: 2\/10\u23f0 \u00c0s 9h, no hor\u00e1rio de Manaus \ud83d\udccc Tema: Igualdade Racial e \u00c9tnica\ud83d\udc69\u200d\ud83c\udfeb Palestrante: assistente social Priscila Thayane de Carvalho Silva, do Instituto Federal de Educa\u00e7\u00e3o, Ci\u00eancia e Tecnologia do Amazonas (Ifam) Ficou interessado? Assista por meio de nossos canais: \ud83d\udcbbYoutube: [&hellip;]<\/p>\n","protected":false},"author":1,"featured_media":1776,"comment_status":"closed","ping_status":"open","sticky":false,"template":"post-templates\/single-layout-3.php","format":"standard","meta":{"footnotes":""},"categories":[19],"tags":[],"class_list":["post-1775","post","type-post","status-publish","format-standard","has-post-thumbnail","hentry","category-web-palestras"],"_links":{"self":[{"href":"https:\/\/uddae.uea.edu.br\/index.php\/wp-json\/wp\/v2\/posts\/1775","targetHints":{"allow":["GET"]}}],"collection":[{"href":"https:\/\/uddae.uea.edu.br\/index.php\/wp-json\/wp\/v2\/posts"}],"about":[{"href":"https:\/\/uddae.uea.edu.br\/index.php\/wp-json\/wp\/v2\/types\/post"}],"author":[{"embeddable":true,"href":"https:\/\/uddae.uea.edu.br\/index.php\/wp-json\/wp\/v2\/users\/1"}],"replies":[{"embeddable":true,"href":"https:\/\/uddae.uea.edu.br\/index.php\/wp-json\/wp\/v2\/comments?post=1775"}],"version-history":[{"count":3,"href":"https:\/\/uddae.uea.edu.br\/index.php\/wp-json\/wp\/v2\/posts\/1775\/revisions"}],"predecessor-version":[{"id":1782,"href":"https:\/\/uddae.uea.edu.br\/index.php\/wp-json\/wp\/v2\/posts\/1775\/revisions\/1782"}],"wp:featuredmedia":[{"embeddable":true,"href":"https:\/\/uddae.uea.edu.br\/index.php\/wp-json\/wp\/v2\/media\/1776"}],"wp:attachment":[{"href":"https:\/\/uddae.uea.edu.br\/index.php\/wp-json\/wp\/v2\/media?parent=1775"}],"wp:term":[{"taxonomy":"category","embeddable":true,"href":"https:\/\/uddae.uea.edu.br\/index.php\/wp-json\/wp\/v2\/categories?post=1775"},{"taxonomy":"post_tag","embeddable":true,"href":"https:\/\/uddae.uea.edu.br\/index.php\/wp-json\/wp\/v2\/tags?post=1775"}],"curies":[{"name":"wp","href":"https:\/\/api.w.org\/{rel}","templated":true}]}}