{"id":1734,"date":"2024-09-20T13:06:27","date_gmt":"2024-09-20T13:06:27","guid":{"rendered":"https:\/\/uddae.uea.edu.br\/?p=1734"},"modified":"2024-09-26T18:20:04","modified_gmt":"2024-09-26T18:20:04","slug":"livro-sobre-inovacoes-tecnologicas-em-saude-e-lancado-no-31o-encontro-nacional-da-una-sus","status":"publish","type":"post","link":"https:\/\/uddae.uea.edu.br\/index.php\/2024\/09\/20\/livro-sobre-inovacoes-tecnologicas-em-saude-e-lancado-no-31o-encontro-nacional-da-una-sus\/","title":{"rendered":"Livro sobre inova\u00e7\u00f5es tecnol\u00f3gicas em sa\u00fade \u00e9 lan\u00e7ado no 31\u00ba Encontro Nacional da UNA-SUS"},"content":{"rendered":"\n<p>O lan\u00e7amento da obra \u201cInova\u00e7\u00f5es tecnol\u00f3gicas em sa\u00fade: transpondo barreiras para integralidade do cuidado em vazios assistenciais\u201d foi destaque na programa\u00e7\u00e3o de abertura do 31\u00ba Encontro Nacional da Rede Universidade Aberta do SUS (UNA-SUS), na ter\u00e7a-feira (17\/9). O evento \u00e9 organizado pela Universidade do Estado do Amazonas (UEA) e Universidade Federal do Amazonas (Ufam), em parceria com a Secretaria Executiva da UNA-SUS.<\/p>\n\n\n\n<p>O livro \u00e9 organizado pela Prof.\u00aa Dra. C\u00e1ssia Roz\u00e1ria, Prof.\u00aa Dra. Kellen Gasque, Prof.\u00aa Dra. Shirley Passos, Prof. Dr. Yan de Freitas e Prof.\u00aa Dra. Adriana Taveira, e conta com 19 cap\u00edtulos frutos de pesquisas cient\u00edficas, relatos de experi\u00eancias e produ\u00e7\u00f5es relacionadas \u00e0s ofertas educacionais, com a utiliza\u00e7\u00e3o de tecnologias educacionais e inova\u00e7\u00f5es realizadas pelas 35 institui\u00e7\u00f5es vinculadas \u00e0 Rede.<\/p>\n\n\n\n<p>Durante o lan\u00e7amento, a publica\u00e7\u00e3o foi apresentada pelo autor do pref\u00e1cio da obra, Dr. Luiz Ary Messina, coordenador nacional da Rede Universit\u00e1ria de Telemedicina na Rede Nacional de Ensino E Pesquisa (RNP). Messina ressaltou que o ambiente digital criou a possibilidade de redes de colabora\u00e7\u00e3o, sendo fundamental pra que todas as profiss\u00f5es da \u00e1rea da sa\u00fade se beneficiassem dessa vis\u00e3o.<\/p>\n\n\n\n<p>Segundo a coordenadora da UNA-SUS\/UEA, Prof.\u00aa Dra. Shirley Passos, e a coordenadora da UNA-SUS\/Ufam, Prof.\u00aa Dra. Celsa Souza, \u201cos cap\u00edtulos apresentam reflex\u00f5es relevantes, como inova\u00e7\u00e3o e tecnologia na produ\u00e7\u00e3o de cursos, pesquisas cient\u00edficas e percep\u00e7\u00f5es que mostram o impacto na forma\u00e7\u00e3o e pr\u00e1tica profissional, al\u00e9m de trazer a import\u00e2ncia da gest\u00e3o, monitoramento e avalia\u00e7\u00e3o de programas ministeriais\u201d.<\/p>\n\n\n\n<p>Alguns cap\u00edtulos destacam como a UNA-SUS transp\u00f4s v\u00e1rias barreiras para a cont\u00ednua educa\u00e7\u00e3o permanente no Pa\u00eds, adaptando-se a novas realidades, como no caso da pandemia da Covid-19 e da cat\u00e1strofe clim\u00e1tica no Rio Grande do Sul.<\/p>\n\n\n\n<figure class=\"wp-block-gallery has-nested-images columns-default is-cropped wp-block-gallery-1 is-layout-flex wp-block-gallery-is-layout-flex\">\n<figure class=\"wp-block-image size-large\"><img fetchpriority=\"high\" decoding=\"async\" width=\"1024\" height=\"768\" data-id=\"1735\" src=\"https:\/\/uddae.uea.edu.br\/wp-content\/uploads\/2024\/09\/WhatsApp-Image-2024-09-20-at-09.02.41-1-1024x768.jpeg\" alt=\"\" class=\"wp-image-1735\" srcset=\"https:\/\/uddae.uea.edu.br\/wp-content\/uploads\/2024\/09\/WhatsApp-Image-2024-09-20-at-09.02.41-1-1024x768.jpeg 1024w, https:\/\/uddae.uea.edu.br\/wp-content\/uploads\/2024\/09\/WhatsApp-Image-2024-09-20-at-09.02.41-1-300x225.jpeg 300w, https:\/\/uddae.uea.edu.br\/wp-content\/uploads\/2024\/09\/WhatsApp-Image-2024-09-20-at-09.02.41-1-768x576.jpeg 768w, https:\/\/uddae.uea.edu.br\/wp-content\/uploads\/2024\/09\/WhatsApp-Image-2024-09-20-at-09.02.41-1-1536x1152.jpeg 1536w, https:\/\/uddae.uea.edu.br\/wp-content\/uploads\/2024\/09\/WhatsApp-Image-2024-09-20-at-09.02.41-1-600x450.jpeg 600w, https:\/\/uddae.uea.edu.br\/wp-content\/uploads\/2024\/09\/WhatsApp-Image-2024-09-20-at-09.02.41-1.jpeg 1600w\" sizes=\"(max-width: 1024px) 100vw, 1024px\" \/><\/figure>\n<\/figure>\n\n\n\n<p><\/p>\n\n\n\n<p><strong>Sobre o 31\u00ba Encontro Nacional da UNA-SUS<\/strong><\/p>\n\n\n\n<p><br>Entre os dias 17 e 20 de setembro, Manaus recebe a programa\u00e7\u00e3o do evento que \u00e9 realizado anualmente e re\u00fane coordenadores, representantes e t\u00e9cnicos das 35 Institui\u00e7\u00f5es de Ensino Superior (IES) que comp\u00f5em a Rede UNA-SUS e a Secretaria Executiva (SE\/UNA-SUS) para troca de experi\u00eancias.<\/p>\n\n\n\n<p>A programa\u00e7\u00e3o contempla apresenta\u00e7\u00f5es culturais, palestras, talk-show, oficinas e roda de conversa. Entre os destaques, est\u00e1 a 1\u00aa Mostra Cient\u00edfica da Rede UNA-SUS e o lan\u00e7amento do livro de experi\u00eancias exitosas.<\/p>\n","protected":false},"excerpt":{"rendered":"<p>O lan\u00e7amento da obra \u201cInova\u00e7\u00f5es tecnol\u00f3gicas em sa\u00fade: transpondo barreiras para integralidade do cuidado em vazios assistenciais\u201d foi destaque na programa\u00e7\u00e3o de abertura do 31\u00ba Encontro Nacional da Rede Universidade Aberta do SUS (UNA-SUS), na ter\u00e7a-feira (17\/9). O evento \u00e9 organizado pela Universidade do Estado do Amazonas (UEA) e Universidade Federal do Amazonas (Ufam), em [&hellip;]<\/p>\n","protected":false},"author":1,"featured_media":1736,"comment_status":"closed","ping_status":"open","sticky":false,"template":"","format":"standard","meta":{"footnotes":""},"categories":[13,4],"tags":[],"class_list":["post-1734","post","type-post","status-publish","format-standard","has-post-thumbnail","hentry","category-eventos","category-una-sus-uea"],"_links":{"self":[{"href":"https:\/\/uddae.uea.edu.br\/index.php\/wp-json\/wp\/v2\/posts\/1734","targetHints":{"allow":["GET"]}}],"collection":[{"href":"https:\/\/uddae.uea.edu.br\/index.php\/wp-json\/wp\/v2\/posts"}],"about":[{"href":"https:\/\/uddae.uea.edu.br\/index.php\/wp-json\/wp\/v2\/types\/post"}],"author":[{"embeddable":true,"href":"https:\/\/uddae.uea.edu.br\/index.php\/wp-json\/wp\/v2\/users\/1"}],"replies":[{"embeddable":true,"href":"https:\/\/uddae.uea.edu.br\/index.php\/wp-json\/wp\/v2\/comments?post=1734"}],"version-history":[{"count":3,"href":"https:\/\/uddae.uea.edu.br\/index.php\/wp-json\/wp\/v2\/posts\/1734\/revisions"}],"predecessor-version":[{"id":1759,"href":"https:\/\/uddae.uea.edu.br\/index.php\/wp-json\/wp\/v2\/posts\/1734\/revisions\/1759"}],"wp:featuredmedia":[{"embeddable":true,"href":"https:\/\/uddae.uea.edu.br\/index.php\/wp-json\/wp\/v2\/media\/1736"}],"wp:attachment":[{"href":"https:\/\/uddae.uea.edu.br\/index.php\/wp-json\/wp\/v2\/media?parent=1734"}],"wp:term":[{"taxonomy":"category","embeddable":true,"href":"https:\/\/uddae.uea.edu.br\/index.php\/wp-json\/wp\/v2\/categories?post=1734"},{"taxonomy":"post_tag","embeddable":true,"href":"https:\/\/uddae.uea.edu.br\/index.php\/wp-json\/wp\/v2\/tags?post=1734"}],"curies":[{"name":"wp","href":"https:\/\/api.w.org\/{rel}","templated":true}]}}