{"id":1708,"date":"2024-09-18T18:20:11","date_gmt":"2024-09-18T18:20:11","guid":{"rendered":"https:\/\/uddae.uea.edu.br\/?p=1708"},"modified":"2024-09-26T18:21:09","modified_gmt":"2024-09-26T18:21:09","slug":"31-encontro-da-rede-una-sus","status":"publish","type":"post","link":"https:\/\/uddae.uea.edu.br\/index.php\/2024\/09\/18\/31-encontro-da-rede-una-sus\/","title":{"rendered":"31\u00b0 Encontro da Rede UNA-SUS"},"content":{"rendered":"\n<p>Pela primeira vez na regi\u00e3o Norte, a programa\u00e7\u00e3o do 31\u00b0 Encontro da Rede UNA-SUS re\u00fane coordenadores, representantes e t\u00e9cnicos de 35 institui\u00e7\u00f5es de ensino superior que comp\u00f5em a Rede UNA-SUS e a Secretaria Executiva da UNA-SUS e tem como objetivo discutir propostas e desafios da educa\u00e7\u00e3o permanente em sa\u00fade, a fim de contribuir para a forma\u00e7\u00e3o e qualifica\u00e7\u00e3o dos trabalhadores no \u00e2mbito do SUS.<\/p>\n\n\n\n<p>O evento iniciou, nesta ter\u00e7a-feira (17\/9), em Manaus, sob o tema central \u201cInova\u00e7\u00f5es tecnol\u00f3gicas na educa\u00e7\u00e3o em sa\u00fade: transpondo barreiras para integralidade do cuidado em vazios assistenciais\u201d e segue at\u00e9 o dia 20 de setembro. O encontro \u00e9 realizado pela Secretaria Executiva da Rede Universidade Aberta do Sistema \u00danico de Sa\u00fade (UNA-SUS), em parceria com a Universidade do Estado do Amazonas (UEA) e Universidade Federal do Amazonas (Ufam). A solenidade de abertura aconteceu no Centro Cultural dos Povos da Amaz\u00f4nia e contou com a presen\u00e7a de representantes das institui\u00e7\u00f5es participantes.<\/p>\n\n\n\n<p>Para a diretora do Departamento de Gest\u00e3o da Educa\u00e7\u00e3o na Sa\u00fade do Minist\u00e9rio da Sa\u00fade, L\u00edvia Milena Barbosa, \u00e9 importante que o encontro esteja acontecendo no Amazonas, para que seja feito contato direto com a realidade da regi\u00e3o no \u00e2mbito da sa\u00fade.<\/p>\n\n\n\n<p>\u201cA UNA-SUS \u00e9 uma rede consolidada, mas que, sem d\u00favidas, tem desafios que s\u00e3o renovados a cada ciclo hist\u00f3rico. Por isso encontros como esse s\u00e3o t\u00e3o importantes. Sabemos que podemos contar com essa rede t\u00e3o comprometida\u201d, afirmou.<\/p>\n\n\n\n<p><strong>Parceria<\/strong><\/p>\n\n\n\n<p>Representando o reitor da UEA, Prof. Dr. Andr\u00e9 Zogahib, a coordenadora do n\u00facleo de Telessa\u00fade e da Unidade de Desenvolvimento Docente e Apoio ao Ensino (Uddae), Prof.\u00aa Dra. Adriana Taveira, ressalta que todas as iniciativas discutidas no encontro precisam refletir no cuidado aos pacientes, especialmente ribeirinhos e ind\u00edgenas da regi\u00e3o.<\/p>\n\n\n\n<p>\u201cDesejo a todos um excelente evento e que este encontro traga muitos frutos. Estamos com uma expectativa alta por ser o primeiro realizado na regi\u00e3o Norte, mas na certeza de que ser\u00e1 o primeiro de muitos. Que a realiza\u00e7\u00e3o de grandes eventos no Norte do pa\u00eds torne-se, cada vez mais, frequente e natural\u201d, comentou.<\/p>\n\n\n\n<p>Segundo a pr\u00f3-reitora de Pesquisa e P\u00f3s-gradua\u00e7\u00e3o da Ufam, Prof.\u00aa Dra. Adriana Malheiro, a parceria entre as institui\u00e7\u00f5es \u00e9 fundamental para que iniciativas em prol da sociedade possam ser constru\u00eddas.<\/p>\n\n\n\n<p>\u201cO SUS \u00e9 extremamente relevante para a sociedade. Por isso, precisamos avan\u00e7ar na qualidade dos cuidados na \u00e1rea da sa\u00fade. E temos avan\u00e7ado muito. Quando falamos em inova\u00e7\u00e3o, estamos falando de uma entrega, uma melhora para a popula\u00e7\u00e3o\u201d, pontuou.<\/p>\n\n\n\n<p>Durante a abertura, aconteceu o lan\u00e7amento do livro \u201cInova\u00e7\u00f5es tecnol\u00f3gicas na educa\u00e7\u00e3o em sa\u00fade: transpondo barreiras para integralidade do cuidado em vazios assistenciais\u201d, organizado pela Prof.\u00aa Dra. C\u00e1ssia Roz\u00e1ria, Prof.\u00aa Dra. Kellen Gasque, Prof.\u00aa Dra. Shirley Passos, Prof. Dr. Yan de Freitas e Prof.\u00aa Dra. Adriana Taveira.<\/p>\n\n\n\n<p>Um momento cultural encerrou a solenidade de abertura, com a apresenta\u00e7\u00e3o do Grupo de Metais e Percuss\u00e3o da Orquestra Sinf\u00f4nica da UEA, projeto coordenado pelo professor Vadzim Ivanou. Foram apresentadas seis can\u00e7\u00f5es brasileiras.<\/p>\n\n\n\n<figure class=\"wp-block-gallery has-nested-images columns-default is-cropped wp-block-gallery-1 is-layout-flex wp-block-gallery-is-layout-flex\">\n<figure class=\"wp-block-image size-large\"><img fetchpriority=\"high\" decoding=\"async\" width=\"1024\" height=\"683\" data-id=\"1718\" src=\"https:\/\/uddae.uea.edu.br\/wp-content\/uploads\/2024\/09\/31-encontro-7-1024x683.jpeg\" alt=\"\" class=\"wp-image-1718\" srcset=\"https:\/\/uddae.uea.edu.br\/wp-content\/uploads\/2024\/09\/31-encontro-7-1024x683.jpeg 1024w, https:\/\/uddae.uea.edu.br\/wp-content\/uploads\/2024\/09\/31-encontro-7-300x200.jpeg 300w, https:\/\/uddae.uea.edu.br\/wp-content\/uploads\/2024\/09\/31-encontro-7-768x512.jpeg 768w, https:\/\/uddae.uea.edu.br\/wp-content\/uploads\/2024\/09\/31-encontro-7-1536x1024.jpeg 1536w, https:\/\/uddae.uea.edu.br\/wp-content\/uploads\/2024\/09\/31-encontro-7-2048x1366.jpeg 2048w, https:\/\/uddae.uea.edu.br\/wp-content\/uploads\/2024\/09\/31-encontro-7-600x400.jpeg 600w\" sizes=\"(max-width: 1024px) 100vw, 1024px\" \/><\/figure>\n\n\n\n<figure class=\"wp-block-image size-large\"><img decoding=\"async\" width=\"1024\" height=\"683\" data-id=\"1715\" src=\"https:\/\/uddae.uea.edu.br\/wp-content\/uploads\/2024\/09\/31-encontro-5-2-1024x683.jpeg\" alt=\"\" class=\"wp-image-1715\" srcset=\"https:\/\/uddae.uea.edu.br\/wp-content\/uploads\/2024\/09\/31-encontro-5-2-1024x683.jpeg 1024w, https:\/\/uddae.uea.edu.br\/wp-content\/uploads\/2024\/09\/31-encontro-5-2-300x200.jpeg 300w, https:\/\/uddae.uea.edu.br\/wp-content\/uploads\/2024\/09\/31-encontro-5-2-768x512.jpeg 768w, https:\/\/uddae.uea.edu.br\/wp-content\/uploads\/2024\/09\/31-encontro-5-2-1536x1024.jpeg 1536w, https:\/\/uddae.uea.edu.br\/wp-content\/uploads\/2024\/09\/31-encontro-5-2-2048x1366.jpeg 2048w, https:\/\/uddae.uea.edu.br\/wp-content\/uploads\/2024\/09\/31-encontro-5-2-600x400.jpeg 600w\" sizes=\"(max-width: 1024px) 100vw, 1024px\" \/><\/figure>\n\n\n\n<figure class=\"wp-block-image size-large\"><img decoding=\"async\" width=\"1024\" height=\"683\" data-id=\"1716\" src=\"https:\/\/uddae.uea.edu.br\/wp-content\/uploads\/2024\/09\/31-encontro-1-1024x683.jpeg\" alt=\"\" class=\"wp-image-1716\" srcset=\"https:\/\/uddae.uea.edu.br\/wp-content\/uploads\/2024\/09\/31-encontro-1-1024x683.jpeg 1024w, https:\/\/uddae.uea.edu.br\/wp-content\/uploads\/2024\/09\/31-encontro-1-300x200.jpeg 300w, https:\/\/uddae.uea.edu.br\/wp-content\/uploads\/2024\/09\/31-encontro-1-768x512.jpeg 768w, https:\/\/uddae.uea.edu.br\/wp-content\/uploads\/2024\/09\/31-encontro-1-1536x1024.jpeg 1536w, https:\/\/uddae.uea.edu.br\/wp-content\/uploads\/2024\/09\/31-encontro-1-2048x1366.jpeg 2048w, https:\/\/uddae.uea.edu.br\/wp-content\/uploads\/2024\/09\/31-encontro-1-600x400.jpeg 600w\" sizes=\"(max-width: 1024px) 100vw, 1024px\" \/><\/figure>\n\n\n\n<figure class=\"wp-block-image size-large\"><img loading=\"lazy\" decoding=\"async\" width=\"1024\" height=\"664\" data-id=\"1713\" src=\"https:\/\/uddae.uea.edu.br\/wp-content\/uploads\/2024\/09\/31-encontro-6-1024x664.jpeg\" alt=\"\" class=\"wp-image-1713\" srcset=\"https:\/\/uddae.uea.edu.br\/wp-content\/uploads\/2024\/09\/31-encontro-6-1024x664.jpeg 1024w, https:\/\/uddae.uea.edu.br\/wp-content\/uploads\/2024\/09\/31-encontro-6-300x194.jpeg 300w, https:\/\/uddae.uea.edu.br\/wp-content\/uploads\/2024\/09\/31-encontro-6-768x498.jpeg 768w, https:\/\/uddae.uea.edu.br\/wp-content\/uploads\/2024\/09\/31-encontro-6-1536x995.jpeg 1536w, https:\/\/uddae.uea.edu.br\/wp-content\/uploads\/2024\/09\/31-encontro-6-2048x1327.jpeg 2048w\" sizes=\"(max-width: 1024px) 100vw, 1024px\" \/><\/figure>\n\n\n\n<figure class=\"wp-block-image size-large\"><img loading=\"lazy\" decoding=\"async\" width=\"1024\" height=\"683\" data-id=\"1711\" src=\"https:\/\/uddae.uea.edu.br\/wp-content\/uploads\/2024\/09\/31-encontro-4-1024x683.jpeg\" alt=\"\" class=\"wp-image-1711\" srcset=\"https:\/\/uddae.uea.edu.br\/wp-content\/uploads\/2024\/09\/31-encontro-4-1024x683.jpeg 1024w, https:\/\/uddae.uea.edu.br\/wp-content\/uploads\/2024\/09\/31-encontro-4-300x200.jpeg 300w, https:\/\/uddae.uea.edu.br\/wp-content\/uploads\/2024\/09\/31-encontro-4-768x512.jpeg 768w, https:\/\/uddae.uea.edu.br\/wp-content\/uploads\/2024\/09\/31-encontro-4-1536x1024.jpeg 1536w, https:\/\/uddae.uea.edu.br\/wp-content\/uploads\/2024\/09\/31-encontro-4-2048x1366.jpeg 2048w\" sizes=\"(max-width: 1024px) 100vw, 1024px\" \/><\/figure>\n\n\n\n<figure class=\"wp-block-image size-large\"><img loading=\"lazy\" decoding=\"async\" width=\"1024\" height=\"719\" data-id=\"1710\" src=\"https:\/\/uddae.uea.edu.br\/wp-content\/uploads\/2024\/09\/31-encontro-3-1024x719.jpeg\" alt=\"\" class=\"wp-image-1710\" srcset=\"https:\/\/uddae.uea.edu.br\/wp-content\/uploads\/2024\/09\/31-encontro-3-1024x719.jpeg 1024w, https:\/\/uddae.uea.edu.br\/wp-content\/uploads\/2024\/09\/31-encontro-3-300x211.jpeg 300w, https:\/\/uddae.uea.edu.br\/wp-content\/uploads\/2024\/09\/31-encontro-3-768x539.jpeg 768w, https:\/\/uddae.uea.edu.br\/wp-content\/uploads\/2024\/09\/31-encontro-3-1536x1078.jpeg 1536w, https:\/\/uddae.uea.edu.br\/wp-content\/uploads\/2024\/09\/31-encontro-3-2048x1438.jpeg 2048w\" sizes=\"(max-width: 1024px) 100vw, 1024px\" \/><\/figure>\n<\/figure>\n","protected":false},"excerpt":{"rendered":"<p>Pela primeira vez na regi\u00e3o Norte, a programa\u00e7\u00e3o do 31\u00b0 Encontro da Rede UNA-SUS re\u00fane coordenadores, representantes e t\u00e9cnicos de 35 institui\u00e7\u00f5es de ensino superior que comp\u00f5em a Rede UNA-SUS e a Secretaria Executiva da UNA-SUS e tem como objetivo discutir propostas e desafios da educa\u00e7\u00e3o permanente em sa\u00fade, a fim de contribuir para a [&hellip;]<\/p>\n","protected":false},"author":1,"featured_media":1710,"comment_status":"closed","ping_status":"open","sticky":false,"template":"","format":"standard","meta":{"footnotes":""},"categories":[4],"tags":[],"class_list":["post-1708","post","type-post","status-publish","format-standard","has-post-thumbnail","hentry","category-una-sus-uea"],"_links":{"self":[{"href":"https:\/\/uddae.uea.edu.br\/index.php\/wp-json\/wp\/v2\/posts\/1708","targetHints":{"allow":["GET"]}}],"collection":[{"href":"https:\/\/uddae.uea.edu.br\/index.php\/wp-json\/wp\/v2\/posts"}],"about":[{"href":"https:\/\/uddae.uea.edu.br\/index.php\/wp-json\/wp\/v2\/types\/post"}],"author":[{"embeddable":true,"href":"https:\/\/uddae.uea.edu.br\/index.php\/wp-json\/wp\/v2\/users\/1"}],"replies":[{"embeddable":true,"href":"https:\/\/uddae.uea.edu.br\/index.php\/wp-json\/wp\/v2\/comments?post=1708"}],"version-history":[{"count":6,"href":"https:\/\/uddae.uea.edu.br\/index.php\/wp-json\/wp\/v2\/posts\/1708\/revisions"}],"predecessor-version":[{"id":1761,"href":"https:\/\/uddae.uea.edu.br\/index.php\/wp-json\/wp\/v2\/posts\/1708\/revisions\/1761"}],"wp:featuredmedia":[{"embeddable":true,"href":"https:\/\/uddae.uea.edu.br\/index.php\/wp-json\/wp\/v2\/media\/1710"}],"wp:attachment":[{"href":"https:\/\/uddae.uea.edu.br\/index.php\/wp-json\/wp\/v2\/media?parent=1708"}],"wp:term":[{"taxonomy":"category","embeddable":true,"href":"https:\/\/uddae.uea.edu.br\/index.php\/wp-json\/wp\/v2\/categories?post=1708"},{"taxonomy":"post_tag","embeddable":true,"href":"https:\/\/uddae.uea.edu.br\/index.php\/wp-json\/wp\/v2\/tags?post=1708"}],"curies":[{"name":"wp","href":"https:\/\/api.w.org\/{rel}","templated":true}]}}